{"id":4712,"date":"2012-01-09T09:08:51","date_gmt":"2012-01-09T08:08:51","guid":{"rendered":"http:\/\/www.juristenkoffer.de\/refblog\/?p=4712"},"modified":"2012-01-20T16:20:08","modified_gmt":"2012-01-20T15:20:08","slug":"referendariat-in-owl-45-arbeitslosmeldung-in-nrw","status":"publish","type":"post","link":"https:\/\/www.juristenkoffer.de\/refblog\/nrw\/referendariat-in-owl-45-arbeitslosmeldung-in-nrw\/","title":{"rendered":"Referendariat in OWL (45) &#8211; Arbeitslosmeldung in NRW?"},"content":{"rendered":"<p><img loading=\"lazy\" decoding=\"async\" class=\"alignleft size-full wp-image-4716\" title=\"Bundesagentur f\u00fcr Arbeit\" src=\"https:\/\/www.juristenkoffer.de\/refblog\/wp-content\/uploads\/2012\/01\/Bundesagentur-f\u00fcr-Arbeit.jpg\" alt=\"\" width=\"150\" height=\"150\" \/>Nach den Klausuren im November habe ich erstmal einen Monat lang nur gechillt. Ohne Klausurendruck einfach mal die Seele baumeln lassen. Das ging auch ganz gut, weil ich bei meiner Wahlstation am Oberverwaltungsgericht NRW nicht mit Arbeit \u00fcbersch\u00fcttet werde. Zur Wahlstation dann sp\u00e4ter mehr.<\/p>\n<p>Im neuen Jahr habe ich dann die Arbeitsagentur angerufen, um einen Termin zur Arbeitslosmeldung abzusprechen. <!--more--><strong>Das Landgericht hatte mir in der Zuweisung zur Wahlstation mit auf den Weg gegeben, mich 3 Monate vor Ende des Referendariats bei der Arbeitsagentur zu melden<\/strong>. Da ich m\u00fcndliche Pr\u00fcfung hoffentlich im April haben werde, war es deshalb f\u00fcr den Anruf bei der Arbeitsagentur h\u00f6chste Zeit.<\/p>\n<p>Der freundliche Sachbearbeiter teilte mir jedoch mit, dass es bei Rechtsreferendaren eine \u00c4nderung gegeben h\u00e4tte, wonach sich diese erst ab Bestehen der m\u00fcndlichen Pr\u00fcfung &#8211; und damit kurzfristig zum n\u00e4chsten Tag ! &#8211; arbeitslos melden m\u00fcssten. Damit ist der Hinweis des Landgerichts wohl veraltet und <strong>falsch<\/strong>. F\u00fcr mich gibt es daher bis April in dieser Sache nichts zu veranlassen.<\/p>\n<p>Ich \u00fcbernehme nat\u00fcrlich keine Gew\u00e4hr f\u00fcr die Richtigkeit der Angaben des Sachbearbeiters. Es d\u00fcrfte sich sicherheitshalber f\u00fcr jeden Referendar anbieten, seine zust\u00e4ndige Arbeitsagentur zu kontaktieren. \u00dcber R\u00fcckmeldungen von euch zu diesem Thema w\u00fcrde ich mich &#8211; auch im eigenen Interesse &#8211; freuen.<\/p>\n","protected":false},"excerpt":{"rendered":"<p>Nach den Klausuren im November habe ich erstmal einen Monat lang nur gechillt. Ohne Klausurendruck einfach mal die Seele baumeln lassen. Das ging auch ganz gut, weil ich bei meiner Wahlstation am Oberverwaltungsgericht NRW nicht mit Arbeit \u00fcbersch\u00fcttet werde. Zur Wahlstation dann sp\u00e4ter mehr. Im neuen Jahr habe ich dann die Arbeitsagentur angerufen, um einen [&hellip;]<\/p>\n","protected":false},"author":26,"featured_media":0,"comment_status":"open","ping_status":"open","sticky":false,"template":"","format":"standard","meta":{"footnotes":""},"categories":[49,41],"tags":[885,884,1237,886,887],"class_list":["post-4712","post","type-post","status-publish","format-standard","hentry","category-nach-dem-referendariat","category-nrw","tag-3-monats-frist","tag-arbeitslosmeldung","tag-nrw","tag-rechtsreferendare","tag-zeitpunkt"],"_links":{"self":[{"href":"https:\/\/www.juristenkoffer.de\/refblog\/wp-json\/wp\/v2\/posts\/4712","targetHints":{"allow":["GET"]}}],"collection":[{"href":"https:\/\/www.juristenkoffer.de\/refblog\/wp-json\/wp\/v2\/posts"}],"about":[{"href":"https:\/\/www.juristenkoffer.de\/refblog\/wp-json\/wp\/v2\/types\/post"}],"author":[{"embeddable":true,"href":"https:\/\/www.juristenkoffer.de\/refblog\/wp-json\/wp\/v2\/users\/26"}],"replies":[{"embeddable":true,"href":"https:\/\/www.juristenkoffer.de\/refblog\/wp-json\/wp\/v2\/comments?post=4712"}],"version-history":[{"count":6,"href":"https:\/\/www.juristenkoffer.de\/refblog\/wp-json\/wp\/v2\/posts\/4712\/revisions"}],"predecessor-version":[{"id":4718,"href":"https:\/\/www.juristenkoffer.de\/refblog\/wp-json\/wp\/v2\/posts\/4712\/revisions\/4718"}],"wp:attachment":[{"href":"https:\/\/www.juristenkoffer.de\/refblog\/wp-json\/wp\/v2\/media?parent=4712"}],"wp:term":[{"taxonomy":"category","embeddable":true,"href":"https:\/\/www.juristenkoffer.de\/refblog\/wp-json\/wp\/v2\/categories?post=4712"},{"taxonomy":"post_tag","embeddable":true,"href":"https:\/\/www.juristenkoffer.de\/refblog\/wp-json\/wp\/v2\/tags?post=4712"}],"curies":[{"name":"wp","href":"https:\/\/api.w.org\/{rel}","templated":true}]}}