{"id":4674,"date":"2012-01-24T11:08:21","date_gmt":"2012-01-24T10:08:21","guid":{"rendered":"http:\/\/www.juristenkoffer.de\/refblog\/?p=4674"},"modified":"2012-01-23T18:35:41","modified_gmt":"2012-01-23T17:35:41","slug":"ehemaliger-referendar-sitzt-im-ausbildungsgericht-auf-der-anklagebank","status":"publish","type":"post","link":"https:\/\/www.juristenkoffer.de\/refblog\/allgemein\/ehemaliger-referendar-sitzt-im-ausbildungsgericht-auf-der-anklagebank\/","title":{"rendered":"Ehemaliger Referendar sitzt im Ausbildungsgericht auf der Anklagebank"},"content":{"rendered":"<p><img loading=\"lazy\" decoding=\"async\" class=\"alignleft size-full wp-image-4675\" title=\"Bonn\" src=\"https:\/\/www.juristenkoffer.de\/refblog\/wp-content\/uploads\/2011\/12\/Bonn.jpg\" alt=\"\" width=\"150\" height=\"150\" \/>Das Landgericht Bonn hat k\u00fcrzlich von einem ehemaligen Referendar Besuch erhalten, Freude d\u00fcrfte das aber keiner Seite bereitet haben. Der 31-j\u00e4hrige ehemalige Referendar, der bei der Staatsanwaltschaft Bonn w\u00e4hrend seiner Ausbildung t\u00e4tig war, sitzt nun wegen Raubes auf der Anklagebank. Mit einem K\u00fcchenmesser bedrohte er seine Opfer, um deren Geld zu erhalten &#8211; innerhalb eines Tages gleich mehrmals. Das\u00a0LG Bonn verurteilte ihn nun zu f\u00fcnf Jahren Haft.<!--more--> Im Prozess hatte der ehemalige Referendar die Ende August begangenen Raub\u00fcberf\u00e4lle gestanden. Laut Gutachter hatte der 31-J\u00e4hrige zur Tatzeit mehr als 3 Promille Alkohol sowie Kokain im Blut.<\/p>\n<p>Ende 2010 hatte man ihn aufgrund seines massiven Alkoholproblems aus dem Referendariat entlassen. Trotz station\u00e4rer Behandlungen wurde er immer wieder r\u00fcckf\u00e4llig und konnte sein Referendariat nicht abschlie\u00dfen.<\/p>\n<p>(Urheber Foto: Nicolas17)<\/p>\n","protected":false},"excerpt":{"rendered":"<p>Das Landgericht Bonn hat k\u00fcrzlich von einem ehemaligen Referendar Besuch erhalten, Freude d\u00fcrfte das aber keiner Seite bereitet haben. Der 31-j\u00e4hrige ehemalige Referendar, der bei der Staatsanwaltschaft Bonn w\u00e4hrend seiner Ausbildung t\u00e4tig war, sitzt nun wegen Raubes auf der Anklagebank. Mit einem K\u00fcchenmesser bedrohte er seine Opfer, um deren Geld zu erhalten &#8211; innerhalb eines [&hellip;]<\/p>\n","protected":false},"author":3,"featured_media":0,"comment_status":"open","ping_status":"open","sticky":false,"template":"","format":"standard","meta":{"footnotes":""},"categories":[1,41],"tags":[152,878],"class_list":["post-4674","post","type-post","status-publish","format-standard","hentry","category-allgemein","category-nrw","tag-lg-bonn","tag-raub"],"_links":{"self":[{"href":"https:\/\/www.juristenkoffer.de\/refblog\/wp-json\/wp\/v2\/posts\/4674","targetHints":{"allow":["GET"]}}],"collection":[{"href":"https:\/\/www.juristenkoffer.de\/refblog\/wp-json\/wp\/v2\/posts"}],"about":[{"href":"https:\/\/www.juristenkoffer.de\/refblog\/wp-json\/wp\/v2\/types\/post"}],"author":[{"embeddable":true,"href":"https:\/\/www.juristenkoffer.de\/refblog\/wp-json\/wp\/v2\/users\/3"}],"replies":[{"embeddable":true,"href":"https:\/\/www.juristenkoffer.de\/refblog\/wp-json\/wp\/v2\/comments?post=4674"}],"version-history":[{"count":6,"href":"https:\/\/www.juristenkoffer.de\/refblog\/wp-json\/wp\/v2\/posts\/4674\/revisions"}],"predecessor-version":[{"id":4915,"href":"https:\/\/www.juristenkoffer.de\/refblog\/wp-json\/wp\/v2\/posts\/4674\/revisions\/4915"}],"wp:attachment":[{"href":"https:\/\/www.juristenkoffer.de\/refblog\/wp-json\/wp\/v2\/media?parent=4674"}],"wp:term":[{"taxonomy":"category","embeddable":true,"href":"https:\/\/www.juristenkoffer.de\/refblog\/wp-json\/wp\/v2\/categories?post=4674"},{"taxonomy":"post_tag","embeddable":true,"href":"https:\/\/www.juristenkoffer.de\/refblog\/wp-json\/wp\/v2\/tags?post=4674"}],"curies":[{"name":"wp","href":"https:\/\/api.w.org\/{rel}","templated":true}]}}