{"id":4608,"date":"2011-12-07T13:02:31","date_gmt":"2011-12-07T12:02:31","guid":{"rendered":"http:\/\/www.juristenkoffer.de\/refblog\/?p=4608"},"modified":"2011-12-07T13:03:46","modified_gmt":"2011-12-07T12:03:46","slug":"rechtsgestaltende-klausuren-ab-2013","status":"publish","type":"post","link":"https:\/\/www.juristenkoffer.de\/refblog\/examen\/rechtsgestaltende-klausuren-ab-2013\/","title":{"rendered":"Rechtsgestaltende Klausuren ab 2013"},"content":{"rendered":"<p><img loading=\"lazy\" decoding=\"async\" class=\"alignleft size-full wp-image-4609\" src=\"https:\/\/www.juristenkoffer.de\/refblog\/wp-content\/uploads\/2011\/12\/kautelarjuristische-klausuren-im-zivilrecht.jpg\" alt=\"\" width=\"150\" height=\"150\" \/>Via Artikel auf <a href=\"http:\/\/www.juraexamen.info\/neue-klausurform-im-zweiten-juristischen-staatsexamen\/\" target=\"_blank\">Juraexamen.info<\/a> sind wir auf eine Meldung\u00a0von <a href=\"http:\/\/beck-aktuell.beck.de\/news\/zweites-juristisches-staatsexamen-neue-form-der-anwaltsklausur-geplant\" target=\"_blank\">Beck Aktuell<\/a> aufmerksam geworden. Danach soll ab 2013 im 2. Examen als neue Klausurform im Rahmen der Anwaltsklausuren bundesweit die Kautelarklausur eingef\u00fchrt werden.<\/p>\n<p>Das Nieders\u00e4chsische Landesjustizpr\u00fcfungsamt hat laut Beck\u00a0inzwischen Richtlinien f\u00fcr das Stellen und Bewerten dieser Klausurform vorgelegt. <!--more-->Niedersachsen wurde deshalb mit der Ausarbeitung von Richtlinien beauftragt, weil es neben Bayern das einzige Bundesland ist, in dem bereits heute in jedem Termin eine Klausur mit rechtsgestaltender Aufgabe gestellt wird.<\/p>\n<p>Ziel der Einf\u00fchrung dieses neuen Klausurtyps ist es, die Anforderungen im zweiten Examen weiter an die Anforderungen in der Praxis anzugleichen. Auch im sp\u00e4teren Berufsleben hat man oftmals damit zu tun, f\u00fcr den Mandanten &#8211; losgel\u00f6st von einem konkreten Rechtsstreit &#8211; Vertragsentw\u00fcrfe oder zum Beispiel AGB zu entwerfen.<\/p>\n<p>Wie wir aber ebenfalls hier im RefBlog bereits berichteten, wird dieser neue Klausurtyp in den Nord-L\u00e4ndern Bremen, Hamburg und Schleswig-Holstein fr\u00fchestens im Februar 2014 erstmals im Examen laufen. Das Gemeinsame Pr\u00fcfungsamt der L\u00e4nder hat <a href=\"https:\/\/www.juristenkoffer.de\/refblog\/hamburg\/weiterhin-keine-kautelarklausuren-im-norden\/\">ausgeschlossen<\/a>, dass Kautelarklausuren bereits im Jahr 2013 im Examen gestellt werden.<\/p>\n<p>Auch in den anderen Bundesl\u00e4ndern bleibt abzuwarten, ob eine Einf\u00fchrung tats\u00e4chlich bereits 2013 geplant ist. Es ist jedenfalls davon auszugehen, dass in den Arbeitsgemeinschaften gezielt auf diese neue Klausurform vorbereitet wird, wenn die Einf\u00fchrung dann tats\u00e4chlich beschlossene Sache ist.<\/p>\n","protected":false},"excerpt":{"rendered":"<p>Via Artikel auf Juraexamen.info sind wir auf eine Meldung\u00a0von Beck Aktuell aufmerksam geworden. Danach soll ab 2013 im 2. Examen als neue Klausurform im Rahmen der Anwaltsklausuren bundesweit die Kautelarklausur eingef\u00fchrt werden. Das Nieders\u00e4chsische Landesjustizpr\u00fcfungsamt hat laut Beck\u00a0inzwischen Richtlinien f\u00fcr das Stellen und Bewerten dieser Klausurform vorgelegt.<\/p>\n","protected":false},"author":2,"featured_media":0,"comment_status":"open","ping_status":"open","sticky":false,"template":"","format":"standard","meta":{"footnotes":""},"categories":[51],"tags":[420,181,559],"class_list":["post-4608","post","type-post","status-publish","format-standard","hentry","category-examen","tag-anwaltsklausur","tag-kautelarklausur","tag-rechtsgestaltende-klausuren"],"_links":{"self":[{"href":"https:\/\/www.juristenkoffer.de\/refblog\/wp-json\/wp\/v2\/posts\/4608","targetHints":{"allow":["GET"]}}],"collection":[{"href":"https:\/\/www.juristenkoffer.de\/refblog\/wp-json\/wp\/v2\/posts"}],"about":[{"href":"https:\/\/www.juristenkoffer.de\/refblog\/wp-json\/wp\/v2\/types\/post"}],"author":[{"embeddable":true,"href":"https:\/\/www.juristenkoffer.de\/refblog\/wp-json\/wp\/v2\/users\/2"}],"replies":[{"embeddable":true,"href":"https:\/\/www.juristenkoffer.de\/refblog\/wp-json\/wp\/v2\/comments?post=4608"}],"version-history":[{"count":4,"href":"https:\/\/www.juristenkoffer.de\/refblog\/wp-json\/wp\/v2\/posts\/4608\/revisions"}],"predecessor-version":[{"id":4612,"href":"https:\/\/www.juristenkoffer.de\/refblog\/wp-json\/wp\/v2\/posts\/4608\/revisions\/4612"}],"wp:attachment":[{"href":"https:\/\/www.juristenkoffer.de\/refblog\/wp-json\/wp\/v2\/media?parent=4608"}],"wp:term":[{"taxonomy":"category","embeddable":true,"href":"https:\/\/www.juristenkoffer.de\/refblog\/wp-json\/wp\/v2\/categories?post=4608"},{"taxonomy":"post_tag","embeddable":true,"href":"https:\/\/www.juristenkoffer.de\/refblog\/wp-json\/wp\/v2\/tags?post=4608"}],"curies":[{"name":"wp","href":"https:\/\/api.w.org\/{rel}","templated":true}]}}