{"id":4346,"date":"2011-10-31T06:49:51","date_gmt":"2011-10-31T04:49:51","guid":{"rendered":"http:\/\/www.juristenkoffer.de\/refblog\/?p=4346"},"modified":"2011-10-31T02:05:16","modified_gmt":"2011-10-31T00:05:16","slug":"restplaetze-im-olg-bezirk-hamm","status":"publish","type":"post","link":"https:\/\/www.juristenkoffer.de\/refblog\/vor-dem-referendariat\/restplaetze-im-olg-bezirk-hamm\/","title":{"rendered":"Restpl\u00e4tze im OLG-Bezirk Hamm"},"content":{"rendered":"<p><img loading=\"lazy\" decoding=\"async\" class=\"alignleft size-full wp-image-4347\" src=\"https:\/\/www.juristenkoffer.de\/refblog\/wp-content\/uploads\/2011\/10\/00438570.jpg\" alt=\"\" width=\"150\" height=\"160\" \/>Auch wenn die derzetigen Wartezeiten &#8211; gerade auch im OLG-Bezirk Hamm &#8211; mit 2-3 Monaten sehr \u00fcberschaubar sind, m\u00f6chte der ein oder andere m\u00f6glicherweise so schnell wir m\u00f6glich nach dem ersten Examen mit dem Referendariat beginnen. Dazu bietet es sich an, einen der ausgeschriebenen Restpl\u00e4tze anzunehmen.<\/p>\n<p>Das <a href=\"http:\/\/www.olg-hamm.nrw.de\/aufgaben\/04_verwaltung\/dez5\/02_aktuelle_informationen\/index.php\" target=\"_blank\">OLG Hamm<\/a>\u00a0bietet derzeit kurzfristig zu besetzende Pl\u00e4tze an den Landgerichten Bielefeld und Dortmund an. <!--more--><\/p>\n<p>Zu besetzen sind diese Pl\u00e4tze zum 01. Dezember 2011.<\/p>\n<blockquote><p><span style=\"color: #000000;\">Zum Einstellungstermin 01. Dezember 2011 stehen bei den Landgerichten Bielefeld und Dortmund noch einige freie Ausbildungspl\u00e4tze (Nachr\u00fcckpl\u00e4tze) zur Verf\u00fcgung. Wenn Sie an einer entsprechenden Einstellung interessiert sind, k\u00f6nnen Sie sich deshalb auch jetzt noch bewerben.<\/span><\/p>\n<p><span style=\"color: #000000;\">Sofern Sie von dieser Ausnahmeregelung Gebrauch machen m\u00f6chten, werden Sie gebeten, sich vorab mit der Referendarabteilung des Oberlandesgerichts Hamm unter der Rufnummer 02381 272- 4314 (Herr Rolfes) oder &#8211; 4311 (Frau Porath) in Verbindung zu setzen.<\/span><\/p><\/blockquote>\n<p><span style=\"color: #000000;\">Anders als zu fr\u00fcheren Zeiten, in denen man einen Restplatz nur dann annehmen konnte, wenn die Bewerbungsunterlagen\u00a0bereits vollst\u00e4ndig dem OLG vorlagen, scheint nunmehr auch die Annahme eines dieser Restpl\u00e4tze m\u00f6glich zu sein, wenn man erst anschlie\u00dfend die Unterlagen einreicht.<\/span><\/p>\n<p><span style=\"color: #000000;\">Desweiteren macht das OLG Hamm darauf aufmerksam, dass beim Landgericht Siegen zum 01. Januar 2012 eine Arbeitsgemeinschaft eingereichtet werden soll.<\/span><\/p>\n<blockquote><p>Es ist beabsichtigt, zum 01. Januar 2012 bei dem Landgericht Siegen eine Anf\u00e4ngerarbeitsgemeinschaft einzurichten. Voraussetzung ist jedoch, dass sich gen\u00fcgend Bewerber f\u00fcr die dort zur Verf\u00fcgung stehenden Ausbildungspl\u00e4tze finden.<\/p>\n<p>Interessenten, die ihre erste Pr\u00fcfung voraussichtlich bis Mitte Dezember 2011 ablegen, werden deshalb gebeten, sich bereits jetzt mit der Referendarabteilung unter der Rufnummer 02381\/272- 4314 (Herr Rolfes) oder 4311 (Frau Porath) in Verbindung zu setzen.<\/p><\/blockquote>\n<p>M\u00f6glich ist eine Bewerbung f\u00fcr das LG Siegen nach der Ausschreibung sogar noch dann, wenn man erst Mitte Dezember die m\u00fcndliche Pr\u00fcfung ablegen sollte. Dar\u00fcber hinaus k\u00f6nnte ein Platz in Siegen insbesondere auch f\u00fcr (zuk\u00fcnftige) Referendare interessant sein, die eigentlich nach K\u00f6ln wollen, aber die dortige Wartezeit nicht einhalten m\u00f6chten. Denn ein Pendeln von K\u00f6ln nach Siegen ist sicherlich unproblematisch m\u00f6glich.<\/p>\n","protected":false},"excerpt":{"rendered":"<p>Auch wenn die derzetigen Wartezeiten &#8211; gerade auch im OLG-Bezirk Hamm &#8211; mit 2-3 Monaten sehr \u00fcberschaubar sind, m\u00f6chte der ein oder andere m\u00f6glicherweise so schnell wir m\u00f6glich nach dem ersten Examen mit dem Referendariat beginnen. Dazu bietet es sich an, einen der ausgeschriebenen Restpl\u00e4tze anzunehmen. Das OLG Hamm\u00a0bietet derzeit kurzfristig zu besetzende Pl\u00e4tze an [&hellip;]<\/p>\n","protected":false},"author":2,"featured_media":0,"comment_status":"open","ping_status":"open","sticky":false,"template":"","format":"standard","meta":{"footnotes":""},"categories":[41,6],"tags":[34,18],"class_list":["post-4346","post","type-post","status-publish","format-standard","hentry","category-nrw","category-vor-dem-referendariat","tag-olg-hamm","tag-restplatze"],"_links":{"self":[{"href":"https:\/\/www.juristenkoffer.de\/refblog\/wp-json\/wp\/v2\/posts\/4346","targetHints":{"allow":["GET"]}}],"collection":[{"href":"https:\/\/www.juristenkoffer.de\/refblog\/wp-json\/wp\/v2\/posts"}],"about":[{"href":"https:\/\/www.juristenkoffer.de\/refblog\/wp-json\/wp\/v2\/types\/post"}],"author":[{"embeddable":true,"href":"https:\/\/www.juristenkoffer.de\/refblog\/wp-json\/wp\/v2\/users\/2"}],"replies":[{"embeddable":true,"href":"https:\/\/www.juristenkoffer.de\/refblog\/wp-json\/wp\/v2\/comments?post=4346"}],"version-history":[{"count":3,"href":"https:\/\/www.juristenkoffer.de\/refblog\/wp-json\/wp\/v2\/posts\/4346\/revisions"}],"predecessor-version":[{"id":4349,"href":"https:\/\/www.juristenkoffer.de\/refblog\/wp-json\/wp\/v2\/posts\/4346\/revisions\/4349"}],"wp:attachment":[{"href":"https:\/\/www.juristenkoffer.de\/refblog\/wp-json\/wp\/v2\/media?parent=4346"}],"wp:term":[{"taxonomy":"category","embeddable":true,"href":"https:\/\/www.juristenkoffer.de\/refblog\/wp-json\/wp\/v2\/categories?post=4346"},{"taxonomy":"post_tag","embeddable":true,"href":"https:\/\/www.juristenkoffer.de\/refblog\/wp-json\/wp\/v2\/tags?post=4346"}],"curies":[{"name":"wp","href":"https:\/\/api.w.org\/{rel}","templated":true}]}}