{"id":4315,"date":"2011-10-17T15:40:28","date_gmt":"2011-10-17T14:40:28","guid":{"rendered":"http:\/\/www.juristenkoffer.de\/refblog\/?p=4315"},"modified":"2012-01-20T16:21:39","modified_gmt":"2012-01-20T15:21:39","slug":"referendariat-in-owl-36-ladung-zu-den-klausuren","status":"publish","type":"post","link":"https:\/\/www.juristenkoffer.de\/refblog\/nrw\/referendariat-in-owl-36-ladung-zu-den-klausuren\/","title":{"rendered":"Referendariat in OWL (36) &#8211; Ladung zu den Klausuren"},"content":{"rendered":"<p><a href=\"http:\/\/www.justiz.nrw.de\/JM\/landesjustizpruefungsamt\/2_jur_staatspr\/weiter_infos\/1textklausurladung2\/index.php\"><img loading=\"lazy\" decoding=\"async\" class=\"alignleft size-full wp-image-4320\" src=\"https:\/\/www.juristenkoffer.de\/refblog\/wp-content\/uploads\/2011\/10\/adebvae1.png\" alt=\"\" width=\"150\" height=\"165\" \/><\/a>Gestern Mittag kam dann doch der erwartete Brief vom LJPA. Die f\u00f6rmliche Ladung zu den Klausuren im November (~ 3 Wochen vorher). Da die Klausurentermine auf der <a href=\"http:\/\/www.justiz.nrw.de\/JM\/landesjustizpruefungsamt\/2_jur_staatspr\/5termine\/klausuren\/index.php\" target=\"_blank\">Webseite des LJPA<\/a> schon monatelang einsehbar waren, ging es eigentlich nur noch um den Klausurenort. Ich schreibe im<strong> Geb\u00e4ude des OLG in Hamm<\/strong>, obwohl Bielefeld\u00a0 als Klausurort f\u00fcr uns Paderborner eigentlich vorgesehen war. Auf Grund der Tatsache, dass die Bahnverbindung Paderborn &#8211; Hamm aber besser als nach Bielefeld ist, find ich das\u00a0 gar nicht so schlecht. <!--more-->Und da wir nach den Klausuren ohnehin in Paderborn ansto\u00dfen wollen, spielts auch keine Rolle, dass die wenigsten von uns die Kneipenszene in Hamm kennen.<\/p>\n<p>Ansonsten steht in der Ladung auch die pers\u00f6nliche Kennziffer, die zusammen mit der Platzziffer im Bewertungsbogen der Klausuren eingetragen werden soll. Ansonsten h\u00e4lt der Brief noch die \u00fcblichen Warnungen parat, was man alles beim Klausurenschreiben zu unterlassen habe. Auch wird bereits der k\u00fcnftige Einsatz eines Handyfinders in Aussicht gestellt ;o)! Mit dem Blick aufs Datum wird einem erstmal bewusst, dass<strong> in einem Monat (16.11.) bereits alles gelaufen <\/strong>ist. Und damit ich die Klausurenprozedur nur einmal \u00fcber mich ergehen lassen muss, werde ich jetzt auch mal nen bischen Lernen&#8230;<\/p>\n","protected":false},"excerpt":{"rendered":"<p>Gestern Mittag kam dann doch der erwartete Brief vom LJPA. Die f\u00f6rmliche Ladung zu den Klausuren im November (~ 3 Wochen vorher). Da die Klausurentermine auf der Webseite des LJPA schon monatelang einsehbar waren, ging es eigentlich nur noch um den Klausurenort. Ich schreibe im Geb\u00e4ude des OLG in Hamm, obwohl Bielefeld\u00a0 als Klausurort f\u00fcr [&hellip;]<\/p>\n","protected":false},"author":26,"featured_media":0,"comment_status":"open","ping_status":"open","sticky":false,"template":"","format":"standard","meta":{"footnotes":""},"categories":[41,51],"tags":[78,1237,34],"class_list":["post-4315","post","type-post","status-publish","format-standard","hentry","category-nrw","category-examen","tag-klausuren","tag-nrw","tag-olg-hamm"],"_links":{"self":[{"href":"https:\/\/www.juristenkoffer.de\/refblog\/wp-json\/wp\/v2\/posts\/4315","targetHints":{"allow":["GET"]}}],"collection":[{"href":"https:\/\/www.juristenkoffer.de\/refblog\/wp-json\/wp\/v2\/posts"}],"about":[{"href":"https:\/\/www.juristenkoffer.de\/refblog\/wp-json\/wp\/v2\/types\/post"}],"author":[{"embeddable":true,"href":"https:\/\/www.juristenkoffer.de\/refblog\/wp-json\/wp\/v2\/users\/26"}],"replies":[{"embeddable":true,"href":"https:\/\/www.juristenkoffer.de\/refblog\/wp-json\/wp\/v2\/comments?post=4315"}],"version-history":[{"count":5,"href":"https:\/\/www.juristenkoffer.de\/refblog\/wp-json\/wp\/v2\/posts\/4315\/revisions"}],"predecessor-version":[{"id":4859,"href":"https:\/\/www.juristenkoffer.de\/refblog\/wp-json\/wp\/v2\/posts\/4315\/revisions\/4859"}],"wp:attachment":[{"href":"https:\/\/www.juristenkoffer.de\/refblog\/wp-json\/wp\/v2\/media?parent=4315"}],"wp:term":[{"taxonomy":"category","embeddable":true,"href":"https:\/\/www.juristenkoffer.de\/refblog\/wp-json\/wp\/v2\/categories?post=4315"},{"taxonomy":"post_tag","embeddable":true,"href":"https:\/\/www.juristenkoffer.de\/refblog\/wp-json\/wp\/v2\/tags?post=4315"}],"curies":[{"name":"wp","href":"https:\/\/api.w.org\/{rel}","templated":true}]}}