{"id":4293,"date":"2011-10-10T17:00:09","date_gmt":"2011-10-10T15:00:09","guid":{"rendered":"http:\/\/www.juristenkoffer.de\/refblog\/?p=4293"},"modified":"2011-10-10T17:00:06","modified_gmt":"2011-10-10T15:00:06","slug":"durch-die-sitzungsvertretung-in-die-presse","status":"publish","type":"post","link":"https:\/\/www.juristenkoffer.de\/refblog\/strafrechtsstation\/durch-die-sitzungsvertretung-in-die-presse\/","title":{"rendered":"Durch die Sitzungsvertretung in die Presse&#8230;"},"content":{"rendered":"<p><img loading=\"lazy\" decoding=\"async\" class=\"alignleft size-full wp-image-4294\" title=\"StAinderpresse\" src=\"https:\/\/www.juristenkoffer.de\/refblog\/wp-content\/uploads\/2011\/10\/StAinderpresse.jpg\" alt=\"\" width=\"150\" height=\"150\" \/>Viele Referendare haben vor der ersten Sitzungsvertretung bei der Staatsanwaltschaft einen klitzekleinen Anfall von Nervosit\u00e4t, bei dem ein oder anderen stehen Schwei\u00dfperlen auf der Stirn und eventuell schl\u00e4ft man nicht ganz so gut in der Nacht vor dem gro\u00dfen Auftritt. Und zu allem \u00dcberfluss kann es dann sogar passieren, dass man namentlich in der \u00f6rtlichen Presse erw\u00e4hnt wird. Und das passiert gar nicht so selten, wie folgende Beispiele aus der letzten Woche verdeutlichen.<!--more--> Vorausgesetzt der Fall liefert entsprechenden Z\u00fcndstoff f\u00fcr die Boulevardpresse, wird dieser teilweise bis ins Detail unter Nennung der vollst\u00e4ndigen Namen aller Beteiligten aufgearbeitet. Einige sch\u00f6ne Beispiele aus der aktuellen Tagespresse sollen hier vorgestellt werden:<\/p>\n<p>Im ersten Fall fuhr in dem beschaulichen St\u00e4dtchen Offenburg ein Schuldner seinen Gl\u00e4ubiger kurzerhand mit dem Auto an und verletzte diesen. Aber Rechtsreferendar Marc-Aurel Hildinger hatte alles im Griff und es kam letztlich, wie von ihm beantragt, zu einer Verurteilung zu 6 Monaten Haft. Der ganze Fall ist nachzulesen bei <a href=\"http:\/\/www.baden-online.de\/news\/artikel.phtml?page_id=68&amp;db=news_lokales&amp;table=artikel_offenburg&amp;id=25960\" target=\"_blank\">&#8222;Baden-online&#8220;<\/a>.<\/p>\n<p>Gar noch eintr\u00e4chtiger ging es am AG Ilmenau in Th\u00fcringen zu. Hier einigte sich Rechtsreferendar Moritz f\u00fcr die Staatsanwaltschaft mit der Richterin auf eine einj\u00e4hrige Verfahrensaussetzung. Vollst\u00e4ndig nachzulesen ist der Artikel bei der <a href=\"http:\/\/www.thueringer-allgemeine.de\/startseite\/detail\/-\/specific\/Gerichtsbericht-Saeumiger-Unterhaltspflichtiger-bekam-Chance-1404447003\" target=\"_blank\">&#8222;Th\u00fcringer Allgemeinen&#8220;<\/a>.<\/p>\n<p>In Hanau standen Verst\u00f6\u00dfe gegen das BtMG auf der Tagesordnung, Vertreter der Staatsanwaltschaft Hanau war Rechtsreferendar Nico Rutner. Dieser forderte f\u00fcr den Angeklagten eine Haftstrafe von 8 Monaten, verurteilt wurde er letztlich nur zu 7 Monaten. Wie sich der Referendar sonst so geschlagen hat, kann man bei der<a href=\"http:\/\/www.fuldaerzeitung.de\/nachrichten\/kinzigtal\/Kinzigtal-Knapp-am-Gefaengnis-vorbeigeschrammt;art40,450470\" target=\"_blank\"> &#8222;Fuldaer Zeitung&#8220;<\/a> nachlesen.<\/p>\n<p>Alles in allem haben die Referendare aber durchweg einen positiven Eindruck gemacht und wer wei\u00df, wann man es jemals wieder in die Zeitung schafft! \ud83d\ude42<\/p>\n","protected":false},"excerpt":{"rendered":"<p>Viele Referendare haben vor der ersten Sitzungsvertretung bei der Staatsanwaltschaft einen klitzekleinen Anfall von Nervosit\u00e4t, bei dem ein oder anderen stehen Schwei\u00dfperlen auf der Stirn und eventuell schl\u00e4ft man nicht ganz so gut in der Nacht vor dem gro\u00dfen Auftritt. Und zu allem \u00dcberfluss kann es dann sogar passieren, dass man namentlich in der \u00f6rtlichen [&hellip;]<\/p>\n","protected":false},"author":3,"featured_media":0,"comment_status":"open","ping_status":"open","sticky":false,"template":"","format":"standard","meta":{"footnotes":""},"categories":[4],"tags":[179,24],"class_list":["post-4293","post","type-post","status-publish","format-standard","hentry","category-strafrechtsstation","tag-sitzungsvertretung","tag-staatsanwaltschaft"],"_links":{"self":[{"href":"https:\/\/www.juristenkoffer.de\/refblog\/wp-json\/wp\/v2\/posts\/4293","targetHints":{"allow":["GET"]}}],"collection":[{"href":"https:\/\/www.juristenkoffer.de\/refblog\/wp-json\/wp\/v2\/posts"}],"about":[{"href":"https:\/\/www.juristenkoffer.de\/refblog\/wp-json\/wp\/v2\/types\/post"}],"author":[{"embeddable":true,"href":"https:\/\/www.juristenkoffer.de\/refblog\/wp-json\/wp\/v2\/users\/3"}],"replies":[{"embeddable":true,"href":"https:\/\/www.juristenkoffer.de\/refblog\/wp-json\/wp\/v2\/comments?post=4293"}],"version-history":[{"count":5,"href":"https:\/\/www.juristenkoffer.de\/refblog\/wp-json\/wp\/v2\/posts\/4293\/revisions"}],"predecessor-version":[{"id":4299,"href":"https:\/\/www.juristenkoffer.de\/refblog\/wp-json\/wp\/v2\/posts\/4293\/revisions\/4299"}],"wp:attachment":[{"href":"https:\/\/www.juristenkoffer.de\/refblog\/wp-json\/wp\/v2\/media?parent=4293"}],"wp:term":[{"taxonomy":"category","embeddable":true,"href":"https:\/\/www.juristenkoffer.de\/refblog\/wp-json\/wp\/v2\/categories?post=4293"},{"taxonomy":"post_tag","embeddable":true,"href":"https:\/\/www.juristenkoffer.de\/refblog\/wp-json\/wp\/v2\/tags?post=4293"}],"curies":[{"name":"wp","href":"https:\/\/api.w.org\/{rel}","templated":true}]}}