{"id":4246,"date":"2025-04-29T02:04:01","date_gmt":"2025-04-29T02:04:01","guid":{"rendered":"http:\/\/www.juristenkoffer.de\/refblog\/?p=4246"},"modified":"2021-01-08T16:30:29","modified_gmt":"2021-01-08T14:30:29","slug":"wieviel-verdienen-eigentlich-unsere-ag-leiter","status":"publish","type":"post","link":"https:\/\/www.juristenkoffer.de\/refblog\/allgemein\/wieviel-verdienen-eigentlich-unsere-ag-leiter\/","title":{"rendered":"Wieviel verdienen eigentlich unsere AG-Leiter?"},"content":{"rendered":"<p><img loading=\"lazy\" decoding=\"async\" class=\"alignleft size-full wp-image-4247\" src=\"https:\/\/www.juristenkoffer.de\/refblog\/wp-content\/uploads\/2011\/09\/MP900443425.jpg\" alt=\"\" width=\"150\" height=\"180\" \/>Im Referendariat wird man\u00a0von Richtern sowie Staats-\u00a0und Rechtsanw\u00e4lten in den Arbeitsgemeinschaften unterrichtet. Diese investieren\u00a0regelm\u00e4\u00dfig viel Zeit in die Vorbereitung und in den Unterricht selbst.<\/p>\n<p>Diese Zusatzbelastung &#8222;Arbeitsgemeinschaft&#8220; rechtfertigt es, dass die Richter und Anw\u00e4lte auch eine zus\u00e4tzliche Verg\u00fctung erhalten. Auf den Seiten des Justizministeriums Mecklenburg-Vorpommern ist derzeit ein Dokument abrufbar, aus dem die H\u00f6he der Verg\u00fctung von AG-Leitern ablesbar ist. <!--more--><\/p>\n<p>Danach sieht das Honorar f\u00fcr die T\u00e4tigkeit als Leiter einer Arbeitsgemeinschaft, eines Einf\u00fchrungslehrgangs oder eines Klausurenkurses <a href=\"http:\/\/www.mv-justiz.de\/dokumente\/olg_hro\/Abrechnung%20Honorar.pdf\" target=\"_blank\">folgenderma\u00dfen<\/a> aus:<\/p>\n<ul>\n<li>Unterrichtsstunde (45 Min) \u20ac 25,00;<\/li>\n<li>Klausurauswahl je Klausurtermin \u20ac 30,68;<\/li>\n<li>Klausuraufsicht je Tag \u20ac 15,34;<\/li>\n<li>Klausurkorrektur je Klausur \u20ac 5,11;<\/li>\n<li>daneben ggfls. Erstattung von Fahrtkosten, Tage- und \u00dcbernachtungsgeld.<\/li>\n<\/ul>\n<p>Die\u00a0T\u00e4tigkeit als AG-Leiter kann sich also durchaus rechnen und den Monatslohn deutlich steigern, wenn man beispielsweise jede Woche einen halben Tag Rechtsreferendare unterrichtet und auch die \u00dcbungsklausuren stellt. Ich meine mich zu erinnern, dass sich bei uns am Gericht manche Richter und Staatsanw\u00e4lte gerade wegen dieser zus\u00e4tzlichen Verg\u00fctung sehr gerne\u00a0in der Referendarausbildung engagiert haben.<\/p>\n<p>Auf der anderen Seite ist zu ber\u00fccksichtigen, dass die Richter und Anw\u00e4lte tats\u00e4chlich einen gro\u00dfes Teil ihrer Arbeitszeit f\u00fcr die Vorbereitung des Unterrichts oder f\u00fcr das Korrigieren der Klausuren investieren m\u00fcssen, der dann\u00a0zur Abarbeitung der Akten im Dezernat nicht zur Verf\u00fcgung steht. Da s\u00e4mtliche Akten\u00a0des Dezernats dann in der verbleibenden Arbeitszeit mit abgearbeitet werden m\u00fcssen,\u00a0d\u00fcrfte allein aus diesem Grunde eine hohe Verg\u00fctung der Richter und Anw\u00e4lte gerechtfertigt sein.<\/p>\n<p>Was haltet ihr von den S\u00e4tzen, die in Mecklenburg-Vorpommern an AG-Leiter gezahlt werden? Sind 25,00 \u20ac f\u00fcr eine dreiviertel Stunde angemessen, zu hoch oder vielleicht sogar zu niedrig?\u00a0[RefN]<\/p>\n","protected":false},"excerpt":{"rendered":"<p>Im Referendariat wird man\u00a0von Richtern sowie Staats-\u00a0und Rechtsanw\u00e4lten in den Arbeitsgemeinschaften unterrichtet. Diese investieren\u00a0regelm\u00e4\u00dfig viel Zeit in die Vorbereitung und in den Unterricht selbst. Diese Zusatzbelastung &#8222;Arbeitsgemeinschaft&#8220; rechtfertigt es, dass die Richter und Anw\u00e4lte auch eine zus\u00e4tzliche Verg\u00fctung erhalten. Auf den Seiten des Justizministeriums Mecklenburg-Vorpommern ist derzeit ein Dokument abrufbar, aus dem die H\u00f6he der [&hellip;]<\/p>\n","protected":false},"author":2,"featured_media":0,"comment_status":"open","ping_status":"open","sticky":false,"template":"","format":"standard","meta":{"footnotes":""},"categories":[1,17],"tags":[837,838,836],"class_list":["post-4246","post","type-post","status-publish","format-standard","hentry","category-allgemein","category-mecklenburg-vorpommern","tag-ag-leiter","tag-referendarausbildung","tag-verguetung"],"_links":{"self":[{"href":"https:\/\/www.juristenkoffer.de\/refblog\/wp-json\/wp\/v2\/posts\/4246","targetHints":{"allow":["GET"]}}],"collection":[{"href":"https:\/\/www.juristenkoffer.de\/refblog\/wp-json\/wp\/v2\/posts"}],"about":[{"href":"https:\/\/www.juristenkoffer.de\/refblog\/wp-json\/wp\/v2\/types\/post"}],"author":[{"embeddable":true,"href":"https:\/\/www.juristenkoffer.de\/refblog\/wp-json\/wp\/v2\/users\/2"}],"replies":[{"embeddable":true,"href":"https:\/\/www.juristenkoffer.de\/refblog\/wp-json\/wp\/v2\/comments?post=4246"}],"version-history":[{"count":17,"href":"https:\/\/www.juristenkoffer.de\/refblog\/wp-json\/wp\/v2\/posts\/4246\/revisions"}],"predecessor-version":[{"id":12239,"href":"https:\/\/www.juristenkoffer.de\/refblog\/wp-json\/wp\/v2\/posts\/4246\/revisions\/12239"}],"wp:attachment":[{"href":"https:\/\/www.juristenkoffer.de\/refblog\/wp-json\/wp\/v2\/media?parent=4246"}],"wp:term":[{"taxonomy":"category","embeddable":true,"href":"https:\/\/www.juristenkoffer.de\/refblog\/wp-json\/wp\/v2\/categories?post=4246"},{"taxonomy":"post_tag","embeddable":true,"href":"https:\/\/www.juristenkoffer.de\/refblog\/wp-json\/wp\/v2\/tags?post=4246"}],"curies":[{"name":"wp","href":"https:\/\/api.w.org\/{rel}","templated":true}]}}