{"id":4232,"date":"2011-09-23T15:03:07","date_gmt":"2011-09-23T14:03:07","guid":{"rendered":"http:\/\/www.juristenkoffer.de\/refblog\/?p=4232"},"modified":"2012-01-20T16:21:47","modified_gmt":"2012-01-20T15:21:47","slug":"referendariat-in-owl-35-noch-sechs-wochen","status":"publish","type":"post","link":"https:\/\/www.juristenkoffer.de\/refblog\/nrw\/referendariat-in-owl-35-noch-sechs-wochen\/","title":{"rendered":"Referendariat in OWL (35) &#8211; Noch 6 Wochen"},"content":{"rendered":"<p><img loading=\"lazy\" decoding=\"async\" class=\"alignleft size-full wp-image-4240\" src=\"https:\/\/www.juristenkoffer.de\/refblog\/wp-content\/uploads\/2011\/09\/MP900302969.jpg\" alt=\"\" width=\"150\" height=\"169\" \/>Noch (knapp) 6 Wochen sind es bis zu den 8 Klausuren im November. Au\u00dfer in Momenten wie diesen versuche ich das Thema Klausuren zu verdr\u00e4ngen und den Kopf zum Lernen frei zu bekommen.\u00a0 Das geht noch ganz gut, weil die formelle <strong>Ladung des LJPA noch nicht da<\/strong> ist.\u00a0 Inhaltlich ist zwar klar was drinsteht (Klausurort Bielefeld und die \u00fcblichen Weisungen). Aber solange man nicht geladen ist, ist noch alles in weiter Ferne. Momentan ist also der Puls noch ruhig und das Lernen v\u00f6llig stressfrei&#8230;<!--more--><\/p>\n<p>Organisatorisch steht aber bereits jetzt\u00a0 schon (fast) alles: Der <a href=\"https:\/\/www.juristenkoffer.de\/bestellung.htm\" target=\"_blank\">Juristenkoffer<\/a> ist bestellt (Schleichwerbung h\u00f6h\u00f6), 4 neue Kugelschreiber sind gekauft und mit Sch\u00f6nfelder Erg\u00e4nzungsband, Sartorius und v.Hippel\/Rehborn sind auch schon die zugelassenen Gesetze auf dem neuesten Stand. Der Sch\u00f6nfelder scheint jedoch momentan nen kleinen Lieferengpass zu haben.<\/p>\n<p>Auch\u00a0 der erste Termin nach den Klausuren steht bereits: Ein Ref-Kollege hat im November Geburtstag und weil&#8217;s so gut passt, hat er alle z\u00fcnftig zur <strong>Examensfertig- &amp; Geburtstagfeier<\/strong> geladen.\u00a0 Da er in diesem Zeitpunkt vielleicht auch seine Studentenbude in M\u00fcnster r\u00e4umt, kommt auch noch ne Abrissparty dazu. Vielleicht nicht die schlechteste Idee, um die Klausuren erstmal aus dem Ged\u00e4chtnis zu brennen. Aber auch sonst lautet das Credo:<\/p>\n<p>EXAMEN IST REINE NERVENSACHE &#8211; BANGE MACHEN GILT NICHT !!!<\/p>\n","protected":false},"excerpt":{"rendered":"<p>Noch (knapp) 6 Wochen sind es bis zu den 8 Klausuren im November. Au\u00dfer in Momenten wie diesen versuche ich das Thema Klausuren zu verdr\u00e4ngen und den Kopf zum Lernen frei zu bekommen.\u00a0 Das geht noch ganz gut, weil die formelle Ladung des LJPA noch nicht da ist.\u00a0 Inhaltlich ist zwar klar was drinsteht (Klausurort [&hellip;]<\/p>\n","protected":false},"author":26,"featured_media":0,"comment_status":"open","ping_status":"open","sticky":false,"template":"","format":"standard","meta":{"footnotes":""},"categories":[41,51],"tags":[22,1237,34],"class_list":["post-4232","post","type-post","status-publish","format-standard","hentry","category-nrw","category-examen","tag-examensklausuren","tag-nrw","tag-olg-hamm"],"_links":{"self":[{"href":"https:\/\/www.juristenkoffer.de\/refblog\/wp-json\/wp\/v2\/posts\/4232","targetHints":{"allow":["GET"]}}],"collection":[{"href":"https:\/\/www.juristenkoffer.de\/refblog\/wp-json\/wp\/v2\/posts"}],"about":[{"href":"https:\/\/www.juristenkoffer.de\/refblog\/wp-json\/wp\/v2\/types\/post"}],"author":[{"embeddable":true,"href":"https:\/\/www.juristenkoffer.de\/refblog\/wp-json\/wp\/v2\/users\/26"}],"replies":[{"embeddable":true,"href":"https:\/\/www.juristenkoffer.de\/refblog\/wp-json\/wp\/v2\/comments?post=4232"}],"version-history":[{"count":11,"href":"https:\/\/www.juristenkoffer.de\/refblog\/wp-json\/wp\/v2\/posts\/4232\/revisions"}],"predecessor-version":[{"id":4860,"href":"https:\/\/www.juristenkoffer.de\/refblog\/wp-json\/wp\/v2\/posts\/4232\/revisions\/4860"}],"wp:attachment":[{"href":"https:\/\/www.juristenkoffer.de\/refblog\/wp-json\/wp\/v2\/media?parent=4232"}],"wp:term":[{"taxonomy":"category","embeddable":true,"href":"https:\/\/www.juristenkoffer.de\/refblog\/wp-json\/wp\/v2\/categories?post=4232"},{"taxonomy":"post_tag","embeddable":true,"href":"https:\/\/www.juristenkoffer.de\/refblog\/wp-json\/wp\/v2\/tags?post=4232"}],"curies":[{"name":"wp","href":"https:\/\/api.w.org\/{rel}","templated":true}]}}