{"id":4205,"date":"2011-09-17T18:10:49","date_gmt":"2011-09-17T16:10:49","guid":{"rendered":"http:\/\/www.juristenkoffer.de\/refblog\/?p=4205"},"modified":"2011-09-18T14:34:16","modified_gmt":"2011-09-18T12:34:16","slug":"neue-klausurtermine-in-mecklenburg-vorpommern","status":"publish","type":"post","link":"https:\/\/www.juristenkoffer.de\/refblog\/mecklenburg-vorpommern\/neue-klausurtermine-in-mecklenburg-vorpommern\/","title":{"rendered":"Neue Klausurtermine in Mecklenburg-Vorpommern"},"content":{"rendered":"<p><img loading=\"lazy\" decoding=\"async\" class=\"alignleft size-full wp-image-4214\" src=\"https:\/\/www.juristenkoffer.de\/refblog\/wp-content\/uploads\/2011\/09\/MP900309640.jpg\" alt=\"\" width=\"150\" height=\"160\" \/>In Bezug auf das zweite Staatsexamen gibt es in den L\u00e4ndern sehr h\u00e4ufig neue Regelungen. So hat beispielsweise Baden-W\u00fcrttemberg die <a href=\"https:\/\/www.juristenkoffer.de\/refblog\/staatsexamen-klausuren\/baden-wuerttemberg-kommentare-werden-zugelassen\/\">Benutzung von Kommentaren<\/a> in den Klausuren zugelassen und in Berlin und Brandenburg wird \u00fcber die Zulassung der <a href=\"https:\/\/www.juristenkoffer.de\/refblog\/staatsexamen-klausuren\/mit-den-nomos-gesetzen-ins-examen\/\">Nomos-Gesetzestexte<\/a> diskutiert.<\/p>\n<p>Zurzeit gibt es in Mecklenburg-Vorpommern einige \u00c4nderungen. Zun\u00e4chst wurde der <a href=\"https:\/\/www.juristenkoffer.de\/refblog\/mecklenburg-vorpommern\/verbesserungsversuch-in-mecklenburg-vorpommern\/\">Verbesserungsversuch eingef\u00fchrt<\/a>. Nun werden die Klausurtermine verschoben. <!--more-->So war es bislang so, dass in Mecklenburg-Vorpommern die Klausuren im Mai und November geschrieben wurden. Ab dem Jahr 2012 \u00e4ndern sich diese Termine. Die Klausuren stehen dann in den Monaten Januar und Juli an.<\/p>\n<p>Es ist davon auszugehen, dass sich somit auch die Einstellungstermine ge\u00e4ndert haben, denn die Klausuren werden regelm\u00e4\u00dfig im 20. Monat nach Beginn des Referendariats geschrieben. Allerdings stehen derzeit auf der Homepage des Ministeriums\u00a0noch die alten Angaben zu den Klausur- und Einstellungsterminen.\u00a0Wir werden also bei der zust\u00e4ndigen Stelle weitere Informationen dazu einholen und dann ggf. unsere Seiten zum <a href=\"https:\/\/www.juristenkoffer.de\/rechtsreferendariat\/referendariat-in-mecklenburg-vorpommern.htm\">Rechtsreferendariat in Mecklenburg-Vorpommern<\/a> anpassen.<\/p>\n","protected":false},"excerpt":{"rendered":"<p>In Bezug auf das zweite Staatsexamen gibt es in den L\u00e4ndern sehr h\u00e4ufig neue Regelungen. So hat beispielsweise Baden-W\u00fcrttemberg die Benutzung von Kommentaren in den Klausuren zugelassen und in Berlin und Brandenburg wird \u00fcber die Zulassung der Nomos-Gesetzestexte diskutiert. Zurzeit gibt es in Mecklenburg-Vorpommern einige \u00c4nderungen. Zun\u00e4chst wurde der Verbesserungsversuch eingef\u00fchrt. Nun werden die Klausurtermine [&hellip;]<\/p>\n","protected":false},"author":2,"featured_media":0,"comment_status":"open","ping_status":"open","sticky":false,"template":"","format":"standard","meta":{"footnotes":""},"categories":[17,51],"tags":[832,831,1236],"class_list":["post-4205","post","type-post","status-publish","format-standard","hentry","category-mecklenburg-vorpommern","category-examen","tag-einstellungstermine","tag-klausurtermine","tag-mecklenburg-vorpommern"],"_links":{"self":[{"href":"https:\/\/www.juristenkoffer.de\/refblog\/wp-json\/wp\/v2\/posts\/4205","targetHints":{"allow":["GET"]}}],"collection":[{"href":"https:\/\/www.juristenkoffer.de\/refblog\/wp-json\/wp\/v2\/posts"}],"about":[{"href":"https:\/\/www.juristenkoffer.de\/refblog\/wp-json\/wp\/v2\/types\/post"}],"author":[{"embeddable":true,"href":"https:\/\/www.juristenkoffer.de\/refblog\/wp-json\/wp\/v2\/users\/2"}],"replies":[{"embeddable":true,"href":"https:\/\/www.juristenkoffer.de\/refblog\/wp-json\/wp\/v2\/comments?post=4205"}],"version-history":[{"count":7,"href":"https:\/\/www.juristenkoffer.de\/refblog\/wp-json\/wp\/v2\/posts\/4205\/revisions"}],"predecessor-version":[{"id":4216,"href":"https:\/\/www.juristenkoffer.de\/refblog\/wp-json\/wp\/v2\/posts\/4205\/revisions\/4216"}],"wp:attachment":[{"href":"https:\/\/www.juristenkoffer.de\/refblog\/wp-json\/wp\/v2\/media?parent=4205"}],"wp:term":[{"taxonomy":"category","embeddable":true,"href":"https:\/\/www.juristenkoffer.de\/refblog\/wp-json\/wp\/v2\/categories?post=4205"},{"taxonomy":"post_tag","embeddable":true,"href":"https:\/\/www.juristenkoffer.de\/refblog\/wp-json\/wp\/v2\/tags?post=4205"}],"curies":[{"name":"wp","href":"https:\/\/api.w.org\/{rel}","templated":true}]}}