{"id":4187,"date":"2011-09-14T07:33:17","date_gmt":"2011-09-14T05:33:17","guid":{"rendered":"http:\/\/www.juristenkoffer.de\/refblog\/?p=4187"},"modified":"2011-09-13T19:52:21","modified_gmt":"2011-09-13T17:52:21","slug":"ein-thueringer-referendar-bloggt-ueber-das-rechtsreferendariat","status":"publish","type":"post","link":"https:\/\/www.juristenkoffer.de\/refblog\/vor-dem-referendariat\/ein-thueringer-referendar-bloggt-ueber-das-rechtsreferendariat\/","title":{"rendered":"Ein Th\u00fcringer Referendar bloggt \u00fcber das Rechtsreferendariat"},"content":{"rendered":"<p><img loading=\"lazy\" decoding=\"async\" class=\"alignleft size-full wp-image-4188\" src=\"https:\/\/www.juristenkoffer.de\/refblog\/wp-content\/uploads\/2011\/09\/blog.png\" alt=\"\" width=\"150\" height=\"142\" \/>Seit Kurzem gibt es ein <a href=\"http:\/\/referndarthueringen.blogspot.com\/\" target=\"_blank\">neues Blog<\/a> zum Rechtsreferendariat! Ein Th\u00fcringer &#8222;Noch-Student&#8220;, der sich gerade um einen Referendarplatz bewirbt,\u00a0 m\u00f6chte Einblicke in den Vorbereitungsdienst in Th\u00fcringen geben.<\/p>\n<p>Die ersten Postings handeln\u00a0von der Bewerbungsphase.\u00a0Auf die n\u00e4chsten Beitr\u00e4ge sind wir schon gespannt. Das Blog haben wir auch unseren <a href=\"https:\/\/www.juristenkoffer.de\/links.htm\">Surftipps<\/a> hinzugef\u00fcgt&#8230; <!--more--><\/p>\n","protected":false},"excerpt":{"rendered":"<p>Seit Kurzem gibt es ein neues Blog zum Rechtsreferendariat! Ein Th\u00fcringer &#8222;Noch-Student&#8220;, der sich gerade um einen Referendarplatz bewirbt,\u00a0 m\u00f6chte Einblicke in den Vorbereitungsdienst in Th\u00fcringen geben. Die ersten Postings handeln\u00a0von der Bewerbungsphase.\u00a0Auf die n\u00e4chsten Beitr\u00e4ge sind wir schon gespannt. Das Blog haben wir auch unseren Surftipps hinzugef\u00fcgt&#8230;<\/p>\n","protected":false},"author":2,"featured_media":0,"comment_status":"open","ping_status":"open","sticky":false,"template":"","format":"standard","meta":{"footnotes":""},"categories":[266,6],"tags":[830,687],"class_list":["post-4187","post","type-post","status-publish","format-standard","hentry","category-thueringen","category-vor-dem-referendariat","tag-bewerbungsphase","tag-blog"],"_links":{"self":[{"href":"https:\/\/www.juristenkoffer.de\/refblog\/wp-json\/wp\/v2\/posts\/4187","targetHints":{"allow":["GET"]}}],"collection":[{"href":"https:\/\/www.juristenkoffer.de\/refblog\/wp-json\/wp\/v2\/posts"}],"about":[{"href":"https:\/\/www.juristenkoffer.de\/refblog\/wp-json\/wp\/v2\/types\/post"}],"author":[{"embeddable":true,"href":"https:\/\/www.juristenkoffer.de\/refblog\/wp-json\/wp\/v2\/users\/2"}],"replies":[{"embeddable":true,"href":"https:\/\/www.juristenkoffer.de\/refblog\/wp-json\/wp\/v2\/comments?post=4187"}],"version-history":[{"count":7,"href":"https:\/\/www.juristenkoffer.de\/refblog\/wp-json\/wp\/v2\/posts\/4187\/revisions"}],"predecessor-version":[{"id":4195,"href":"https:\/\/www.juristenkoffer.de\/refblog\/wp-json\/wp\/v2\/posts\/4187\/revisions\/4195"}],"wp:attachment":[{"href":"https:\/\/www.juristenkoffer.de\/refblog\/wp-json\/wp\/v2\/media?parent=4187"}],"wp:term":[{"taxonomy":"category","embeddable":true,"href":"https:\/\/www.juristenkoffer.de\/refblog\/wp-json\/wp\/v2\/categories?post=4187"},{"taxonomy":"post_tag","embeddable":true,"href":"https:\/\/www.juristenkoffer.de\/refblog\/wp-json\/wp\/v2\/tags?post=4187"}],"curies":[{"name":"wp","href":"https:\/\/api.w.org\/{rel}","templated":true}]}}