{"id":4151,"date":"2011-09-03T09:00:43","date_gmt":"2011-09-03T07:00:43","guid":{"rendered":"http:\/\/www.juristenkoffer.de\/refblog\/?p=4151"},"modified":"2011-09-01T23:22:16","modified_gmt":"2011-09-01T21:22:16","slug":"merke-ohne-krawatte-keine-verhandlung","status":"publish","type":"post","link":"https:\/\/www.juristenkoffer.de\/refblog\/strafrechtsstation\/merke-ohne-krawatte-keine-verhandlung\/","title":{"rendered":"Merke: Ohne Krawatte keine Verhandlung!"},"content":{"rendered":"<p><img loading=\"lazy\" decoding=\"async\" class=\"alignleft size-full wp-image-4152\" src=\"https:\/\/www.juristenkoffer.de\/refblog\/wp-content\/uploads\/2011\/09\/asvadevevev.jpg\" alt=\"\" width=\"150\" height=\"150\" \/>Der Krawattenstreit ist neu entbrannt! Wie schon <a href=\"https:\/\/www.juristenkoffer.de\/refblog\/allgemein\/die-amtstracht-feierlichreprasentativ-war-gestern\/\">vor gut zwei Jahren<\/a>, hat nun ein M\u00fcnchner Richter einen Verteidiger, der ohne Krawatte im Saal erschienen war, aus dem Gerichtssaal verwiesen. Der Anwalt hatte die schwarze Robe \u00fcber sein wei\u00dfes Hemd angezogen, aber auf die wei\u00dfe Krawatte verzichtet. Der Richter gab daraufhin dem Verteidiger eine Minute Zeit, &#8222;um sich in einen ordnungsgem\u00e4\u00dfen Zustand zu versetzen&#8220;. Doch der Anwalt weigerte sich. <!--more--><\/p>\n<p>So zum Beispiel berichtet der <a href=\"http:\/\/www.merkur-online.de\/lokales\/gauting\/krawattenstreit-richter-wirft-anwalt-sitzungssaal-1366953.html\" target=\"_blank\">M\u00fcnchner Merkur<\/a> \u00fcber das sich entwickelnde Wortgefecht zwischen Richter und Verteidiger:<\/p>\n<blockquote><p>Richter: &#8222;Die Krawatte geh\u00f6rt dazu.&#8220;<\/p>\n<p>Anwalt: &#8222;Nein.&#8220;<\/p>\n<p>Richter: &#8222;Ohne Krawatte sind Sie nicht anwesend.&#8220;<\/p><\/blockquote>\n<p>Anschlie\u00dfend wurde die Verhandlung auf einen neuen Termin verschoben. Sicherlich eine skurrile Situation f\u00fcr den Angeklagten!<\/p>\n<p>Die RAK M\u00fcnchen hat sich (nat\u00fcrlich) auf die Seite des Verteidigers geschlagen. Eine Krawatte geh\u00f6re nicht zwingend zur Berufkleidung der Anw\u00e4lte. Jedenfalls reiche eine fehlende Krawatte nicht dazu, einen Anwalt als nicht anwesend anzusehen.<\/p>\n<p><span style=\"text-decoration: underline;\">Also merke<\/span>: Als Sitzungsvertreter der Staatsanwaltschaft stets mit Krawatte erscheinen! Nicht dass man an einen Hardliner ger\u00e4t und des Saales verwiesen wird \ud83d\ude42 Wei\u00dfe Krawatten gibt es \u00fcbrigens g\u00fcnstig bei uns im <a href=\"https:\/\/www.juristenkoffer.de\/shop.htm\">Shop<\/a>!<\/p>\n","protected":false},"excerpt":{"rendered":"<p>Der Krawattenstreit ist neu entbrannt! Wie schon vor gut zwei Jahren, hat nun ein M\u00fcnchner Richter einen Verteidiger, der ohne Krawatte im Saal erschienen war, aus dem Gerichtssaal verwiesen. Der Anwalt hatte die schwarze Robe \u00fcber sein wei\u00dfes Hemd angezogen, aber auf die wei\u00dfe Krawatte verzichtet. Der Richter gab daraufhin dem Verteidiger eine Minute Zeit, [&hellip;]<\/p>\n","protected":false},"author":2,"featured_media":0,"comment_status":"open","ping_status":"open","sticky":false,"template":"","format":"standard","meta":{"footnotes":""},"categories":[4],"tags":[63,64],"class_list":["post-4151","post","type-post","status-publish","format-standard","hentry","category-strafrechtsstation","tag-krawatte","tag-krawattenstreit"],"_links":{"self":[{"href":"https:\/\/www.juristenkoffer.de\/refblog\/wp-json\/wp\/v2\/posts\/4151","targetHints":{"allow":["GET"]}}],"collection":[{"href":"https:\/\/www.juristenkoffer.de\/refblog\/wp-json\/wp\/v2\/posts"}],"about":[{"href":"https:\/\/www.juristenkoffer.de\/refblog\/wp-json\/wp\/v2\/types\/post"}],"author":[{"embeddable":true,"href":"https:\/\/www.juristenkoffer.de\/refblog\/wp-json\/wp\/v2\/users\/2"}],"replies":[{"embeddable":true,"href":"https:\/\/www.juristenkoffer.de\/refblog\/wp-json\/wp\/v2\/comments?post=4151"}],"version-history":[{"count":3,"href":"https:\/\/www.juristenkoffer.de\/refblog\/wp-json\/wp\/v2\/posts\/4151\/revisions"}],"predecessor-version":[{"id":4155,"href":"https:\/\/www.juristenkoffer.de\/refblog\/wp-json\/wp\/v2\/posts\/4151\/revisions\/4155"}],"wp:attachment":[{"href":"https:\/\/www.juristenkoffer.de\/refblog\/wp-json\/wp\/v2\/media?parent=4151"}],"wp:term":[{"taxonomy":"category","embeddable":true,"href":"https:\/\/www.juristenkoffer.de\/refblog\/wp-json\/wp\/v2\/categories?post=4151"},{"taxonomy":"post_tag","embeddable":true,"href":"https:\/\/www.juristenkoffer.de\/refblog\/wp-json\/wp\/v2\/tags?post=4151"}],"curies":[{"name":"wp","href":"https:\/\/api.w.org\/{rel}","templated":true}]}}