{"id":4141,"date":"2011-09-01T14:44:16","date_gmt":"2011-09-01T12:44:16","guid":{"rendered":"http:\/\/www.juristenkoffer.de\/refblog\/?p=4141"},"modified":"2016-03-04T19:42:35","modified_gmt":"2016-03-04T17:42:35","slug":"veranstaltungshinweis-perspektivtag-sozialrecht","status":"publish","type":"post","link":"https:\/\/www.juristenkoffer.de\/refblog\/nach-dem-referendariat\/veranstaltungshinweis-perspektivtag-sozialrecht\/","title":{"rendered":"Veranstaltungshinweis: Perspektivtag Sozialrecht"},"content":{"rendered":"<p><img loading=\"lazy\" decoding=\"async\" class=\"alignleft size-full wp-image-4142\" title=\"Landessozialgericht in Essen\" alt=\"\" src=\"https:\/\/www.juristenkoffer.de\/refblog\/wp-content\/uploads\/2011\/09\/Landessozialgericht-in-Essen.jpg\" width=\"150\" height=\"165\" \/>Auf eine interessante Veranstaltung f\u00fcr Referendare weist der Bielefelder Kompaktkurs auf seiner Internetseite <a href=\"http:\/\/www.kompaktkurs.de\/\">www.kompaktkurs.de<\/a> (dort unter Aktuelles -&gt; Veranstaltungen zum Rechtsreferendariat) hin: Das Landessozialgericht Nordrhein-Westfalen l\u00e4dt ein zum &#8222;Perspektivtag Sozialrecht f\u00fcr Rechtsreferendare, Assessoren und Studenten&#8220;.<\/p>\n<p>Die Veranstaltung beim Landessozialgericht informiert \u00fcber Berufsperspektiven im Sozialrecht. <!--more--><\/p>\n<p>Neben der Pr\u00e4sidentin des Landessozialgerichts referieren weitere Richter aus der Sozialgerichtsbarkeit \u00fcber Themen wie zum Beispiel \u201eRichter und Anwalt im Sozialrecht \u2013 viel mehr als ein Job\u201c, \u201eAktuelle Rechtsfragen des Sozialrechts\u201c und \u201eBerufswege zum Sozialrecht und in die Sozialgerichtsbarkeit\u201c. Sicherlich sehr interessant, denn bekannterma\u00dfen werden derzeit beispielsweise in der Sozialgerichtsbarkeit verst\u00e4rkt Richter auf Probe eingestellt.<\/p>\n<p>Start der Veranstaltung ist am <strong>Mittwoch, den 12. Oktober 2011, um 10.00 Uhr<\/strong> im Landesspzialgericht (Zweigertstra\u00dfe 54, 45130 Essen). Aus organisatorischen Gr\u00fcnden soll eine Anmeldung per E-Mail an <a href=\"mailto:verwaltung@lsg.nrw.de\">verwaltung@lsg.nrw.de<\/a> oder mit dem Abschnitt des <a href=\"http:\/\/www.jura.uni-bielefeld.de\/forschung\/institute\/anwaltsinstitut\/kompaktkurs\/veranstaltung\/veranstaltung_2\/perspektivtag.pdf\">Flyers<\/a> <strong>bis zum 01. Oktober 2011<\/strong> erfolgen.<\/p>\n<p>Viele weitere interessante Veranstaltungstipps findest Du beim Stationsradar &#8211; dem <a href=\"http:\/\/www.stationsradar.de\">Portal f\u00fcr Stationsangebote, Nebenjobs und Veranstaltungen f\u00fcr Referendare<\/a>!<\/p>\n","protected":false},"excerpt":{"rendered":"<p>Auf eine interessante Veranstaltung f\u00fcr Referendare weist der Bielefelder Kompaktkurs auf seiner Internetseite www.kompaktkurs.de (dort unter Aktuelles -&gt; Veranstaltungen zum Rechtsreferendariat) hin: Das Landessozialgericht Nordrhein-Westfalen l\u00e4dt ein zum &#8222;Perspektivtag Sozialrecht f\u00fcr Rechtsreferendare, Assessoren und Studenten&#8220;. Die Veranstaltung beim Landessozialgericht informiert \u00fcber Berufsperspektiven im Sozialrecht.<\/p>\n","protected":false},"author":2,"featured_media":0,"comment_status":"open","ping_status":"open","sticky":false,"template":"","format":"standard","meta":{"footnotes":""},"categories":[49,948],"tags":[539,827],"class_list":["post-4141","post","type-post","status-publish","format-standard","hentry","category-nach-dem-referendariat","category-stationsangebote-veranstaltungen","tag-infoveranstaltung","tag-sozialrecht-fuer-rechtsreferendare"],"_links":{"self":[{"href":"https:\/\/www.juristenkoffer.de\/refblog\/wp-json\/wp\/v2\/posts\/4141","targetHints":{"allow":["GET"]}}],"collection":[{"href":"https:\/\/www.juristenkoffer.de\/refblog\/wp-json\/wp\/v2\/posts"}],"about":[{"href":"https:\/\/www.juristenkoffer.de\/refblog\/wp-json\/wp\/v2\/types\/post"}],"author":[{"embeddable":true,"href":"https:\/\/www.juristenkoffer.de\/refblog\/wp-json\/wp\/v2\/users\/2"}],"replies":[{"embeddable":true,"href":"https:\/\/www.juristenkoffer.de\/refblog\/wp-json\/wp\/v2\/comments?post=4141"}],"version-history":[{"count":13,"href":"https:\/\/www.juristenkoffer.de\/refblog\/wp-json\/wp\/v2\/posts\/4141\/revisions"}],"predecessor-version":[{"id":10556,"href":"https:\/\/www.juristenkoffer.de\/refblog\/wp-json\/wp\/v2\/posts\/4141\/revisions\/10556"}],"wp:attachment":[{"href":"https:\/\/www.juristenkoffer.de\/refblog\/wp-json\/wp\/v2\/media?parent=4141"}],"wp:term":[{"taxonomy":"category","embeddable":true,"href":"https:\/\/www.juristenkoffer.de\/refblog\/wp-json\/wp\/v2\/categories?post=4141"},{"taxonomy":"post_tag","embeddable":true,"href":"https:\/\/www.juristenkoffer.de\/refblog\/wp-json\/wp\/v2\/tags?post=4141"}],"curies":[{"name":"wp","href":"https:\/\/api.w.org\/{rel}","templated":true}]}}