{"id":4112,"date":"2011-08-22T14:38:23","date_gmt":"2011-08-22T12:38:23","guid":{"rendered":"http:\/\/www.juristenkoffer.de\/refblog\/?p=4112"},"modified":"2015-11-22T19:44:33","modified_gmt":"2015-11-22T17:44:33","slug":"richterstellen-sind-derzeit-schwer-zu-bekommen","status":"publish","type":"post","link":"https:\/\/www.juristenkoffer.de\/refblog\/nach-dem-referendariat\/richterstellen-sind-derzeit-schwer-zu-bekommen\/","title":{"rendered":"Richterstellen sind derzeit schwer zu bekommen"},"content":{"rendered":"<p><img loading=\"lazy\" decoding=\"async\" class=\"alignleft size-full wp-image-4113\" src=\"https:\/\/www.juristenkoffer.de\/refblog\/wp-content\/uploads\/2011\/08\/952313_gavel.jpg\" alt=\"\" width=\"150\" height=\"150\" \/>Wir haben unsere Seiten zu den <a href=\"https:\/\/www.juristenkoffer.de\/richter\/laenderuebersicht.htm\">Voraussetzungen f\u00fcr eine Einstellung als Richter auf Probe<\/a>\u00a0aktualisiert. Formal haben sich die Angaben nicht viel ge\u00e4ndert. Insbesondere bleibt es dabei, dass es mit Sachsen-Anhalt und Th\u00fcringen weiterhin zwei L\u00e4nder gibt, die fast keine Infos f\u00fcr interessierte Kandidaten online zur Verf\u00fcgung stellen &#8211; ein Unding in der heutigen Zeit. Von Kollegen, die sich gerade f\u00fcr den Staatsdienst bewerben, h\u00f6rt man jedoch nichts Gutes. <!--more--><\/p>\n<p>Es werden gerade nur wenige Richter und Richterinnen eingestellt. So ist uns aus Niedersachsen und Hessen bekannt, dass es derzeit sehr schwierig ist, \u00fcberhaupt zu einem Bewerbungsgespr\u00e4ch eingeladen zu werden. 2010 war es da noch deutlich leichter, eine Einladung zum Vorstellungsgespr\u00e4ch zu bekommen.<\/p>\n<p>Zudem wurden wir vor kurzem per E-Mail\u00a0\u00fcber die Situation in Baden-W\u00fcrttemberg informiert &#8211; vielen Dank daf\u00fcr! Danach sieht es zur Zeit auch im S\u00fcden der Republik nicht gut aus:<\/p>\n<blockquote>\n<div>Ich habe im Fr\u00fchjahr das Zweite Staatsexamen mit einem Pr\u00e4dikat abgeschlossen und mich anschlie\u00dfend f\u00fcr Baden beworben. Ich wurde bisher nicht einmal zum Vorstellungsgespr\u00e4ch eingeladen.<\/div>\n<div>Auf Nachfrage wurde mir erkl\u00e4rt, dass eine Dienstrechtsreform gab, nach der f\u00fcr Richter die M\u00f6glichkeit besteht, erst sp\u00e4ter in Pension zu gehen. Diese habe dazu gef\u00fchrt, dass es dieses Jahr fast keine Pensionierungen gab.<\/div>\n<div>Zur Zeit sieht es also in Baden-W\u00fcrttemberg nicht ganz so rosig aus f\u00fcr Neueinstellung.<\/div>\n<\/blockquote>\n<div>Das zeigt, dass man nicht nur ein gutes zweites Examen braucht, um Chancen auf den Staatsdienst zu haben. Auch das Qu\u00e4ntchen Gl\u00fcck z\u00e4hlt, denn nicht immer werden gleicherma\u00dfen viele Richter eingestellt wie noch 2010&#8230;<\/div>\n<p><strong>Unser Tipp f\u00fcr alle, die Richter oder Staatsanwalt werden wollen:<\/strong><\/p>\n<p>DAS &#8222;INSIDER-DOSSIER&#8220; &#8211; RICHTER \/ STAATSANWALT WERDEN<\/p>\n<p>M\u00f6chte man als Richter oder <img loading=\"lazy\" decoding=\"async\" class=\"alignright size-medium wp-image-10303\" src=\"https:\/\/www.juristenkoffer.de\/refblog\/wp-content\/uploads\/2015\/11\/insider-dossier-cover-214x300.png\" alt=\"\" width=\"214\" height=\"300\" srcset=\"https:\/\/www.juristenkoffer.de\/refblog\/wp-content\/uploads\/2015\/11\/insider-dossier-cover-214x300.png 214w, https:\/\/www.juristenkoffer.de\/refblog\/wp-content\/uploads\/2015\/11\/insider-dossier-cover.png 294w\" sizes=\"auto, (max-width: 214px) 100vw, 214px\" \/>Staatsanwalt arbeiten, muss man sich auf die Bewerbung und das folgende Vorstellungsgespr\u00e4ch beim Gericht bzw. Justizministerium optimal vorbereiten.<\/p>\n<p><i>EXKLUSIV NUR AUF JURISTENKOFFER.DE!<\/i><\/p>\n<p>\u00bb Informationen zu den tats\u00e4chlichen Einstellungsvoraussetzungen vieler Bundesl\u00e4nder,<br \/>\n\u00bb n\u00fctzliche Hinweise zum Bewerbungsverfahren sowie insbesondere<br \/>\n\u00bb detaillierte Protokolle von Juristen, die bereits ein solches Bewerbungsverfahren erfolgreich absolviert haben.<\/p>\n<p>Sichere Dir jetzt das Insider-Dossier und erreiche so das Ziel, Richter bzw. Staatsanwalt zu werden!\u00a0Alle Infos zum Insider-Dossier findest Du <a href=\"https:\/\/www.juristenkoffer.de\/richter\/insider-dossier-richter-staatsanwalt-bewerbung\/\">auf dieser Seite<\/a>.<\/p>\n","protected":false},"excerpt":{"rendered":"<p>Wir haben unsere Seiten zu den Voraussetzungen f\u00fcr eine Einstellung als Richter auf Probe\u00a0aktualisiert. Formal haben sich die Angaben nicht viel ge\u00e4ndert. Insbesondere bleibt es dabei, dass es mit Sachsen-Anhalt und Th\u00fcringen weiterhin zwei L\u00e4nder gibt, die fast keine Infos f\u00fcr interessierte Kandidaten online zur Verf\u00fcgung stellen &#8211; ein Unding in der heutigen Zeit. Von [&hellip;]<\/p>\n","protected":false},"author":2,"featured_media":0,"comment_status":"open","ping_status":"open","sticky":false,"template":"","format":"standard","meta":{"footnotes":""},"categories":[49],"tags":[246,611,803],"class_list":["post-4112","post","type-post","status-publish","format-standard","hentry","category-nach-dem-referendariat","tag-einstellung","tag-richter","tag-staatsdienst"],"_links":{"self":[{"href":"https:\/\/www.juristenkoffer.de\/refblog\/wp-json\/wp\/v2\/posts\/4112","targetHints":{"allow":["GET"]}}],"collection":[{"href":"https:\/\/www.juristenkoffer.de\/refblog\/wp-json\/wp\/v2\/posts"}],"about":[{"href":"https:\/\/www.juristenkoffer.de\/refblog\/wp-json\/wp\/v2\/types\/post"}],"author":[{"embeddable":true,"href":"https:\/\/www.juristenkoffer.de\/refblog\/wp-json\/wp\/v2\/users\/2"}],"replies":[{"embeddable":true,"href":"https:\/\/www.juristenkoffer.de\/refblog\/wp-json\/wp\/v2\/comments?post=4112"}],"version-history":[{"count":9,"href":"https:\/\/www.juristenkoffer.de\/refblog\/wp-json\/wp\/v2\/posts\/4112\/revisions"}],"predecessor-version":[{"id":10322,"href":"https:\/\/www.juristenkoffer.de\/refblog\/wp-json\/wp\/v2\/posts\/4112\/revisions\/10322"}],"wp:attachment":[{"href":"https:\/\/www.juristenkoffer.de\/refblog\/wp-json\/wp\/v2\/media?parent=4112"}],"wp:term":[{"taxonomy":"category","embeddable":true,"href":"https:\/\/www.juristenkoffer.de\/refblog\/wp-json\/wp\/v2\/categories?post=4112"},{"taxonomy":"post_tag","embeddable":true,"href":"https:\/\/www.juristenkoffer.de\/refblog\/wp-json\/wp\/v2\/tags?post=4112"}],"curies":[{"name":"wp","href":"https:\/\/api.w.org\/{rel}","templated":true}]}}