{"id":3956,"date":"2011-08-05T07:11:27","date_gmt":"2011-08-05T05:11:27","guid":{"rendered":"http:\/\/www.juristenkoffer.de\/refblog\/?p=3956"},"modified":"2011-07-31T16:53:52","modified_gmt":"2011-07-31T14:53:52","slug":"olg-stuttgart-bietet-rhetorikseminar-als-zusatzqualifikation","status":"publish","type":"post","link":"https:\/\/www.juristenkoffer.de\/refblog\/allgemein\/olg-stuttgart-bietet-rhetorikseminar-als-zusatzqualifikation\/","title":{"rendered":"OLG Stuttgart bietet Rhetorikseminar als Zusatzqualifikation"},"content":{"rendered":"<p><img loading=\"lazy\" decoding=\"async\" class=\"alignleft size-full wp-image-3957\" title=\"rhetorik\" src=\"https:\/\/www.juristenkoffer.de\/refblog\/wp-content\/uploads\/2011\/07\/rhetorik.jpg\" alt=\"\" width=\"150\" height=\"150\" \/>F\u00fcr die Referendare verschiedener Landgerichte im OLG-Bezirk Stuttgart besteht die M\u00f6glichkeit des Besuches eines zweit\u00e4gigen Rhetorikseminars. Das Modul &#8222;Bewusst sprechen &#8211; gekonnt reden &#8211; gut ankommen&#8220; wurde vom Schauspieler und Regisseur Wolfgang Klein entwickelt und kommt schon im zweiten Jahr zum Einsatz. <a href=\"http:\/\/www.kreativklein.de\/kreativ\/docs\/start.htm\" target=\"_blank\">Wolfgang Klein<\/a> studierte unter anderem an der staatlichen Hochschule f\u00fcr Musik und Darstellende Kunst in Frankfurt.<!--more--> Auch an der P\u00e4dagogischen Hochschule in Ludwigsburg wurde er ausgebildet und bietet sicherlich ein h\u00f6chst interessantes Seminar.<\/p>\n<p>Angebote und Termine des OLG Stuttgart im Bereich Zusatzqualifikation f\u00fcr 2011 sind <a href=\"http:\/\/amtsgericht-b\u00f6blingen.de\/servlet\/PB\/show\/1267055\/Zusatqualifikationen-Anschreiben2011-Anlagenfarblich.pdf\" target=\"_blank\">hier<\/a> zu finden, das Programm f\u00fcr 2012 ist derzeit noch nicht abrufbar.<\/p>\n","protected":false},"excerpt":{"rendered":"<p>F\u00fcr die Referendare verschiedener Landgerichte im OLG-Bezirk Stuttgart besteht die M\u00f6glichkeit des Besuches eines zweit\u00e4gigen Rhetorikseminars. Das Modul &#8222;Bewusst sprechen &#8211; gekonnt reden &#8211; gut ankommen&#8220; wurde vom Schauspieler und Regisseur Wolfgang Klein entwickelt und kommt schon im zweiten Jahr zum Einsatz. Wolfgang Klein studierte unter anderem an der staatlichen Hochschule f\u00fcr Musik und Darstellende [&hellip;]<\/p>\n","protected":false},"author":3,"featured_media":0,"comment_status":"open","ping_status":"open","sticky":false,"template":"","format":"standard","meta":{"footnotes":""},"categories":[1,262],"tags":[814,813,596],"class_list":["post-3956","post","type-post","status-publish","format-standard","hentry","category-allgemein","category-baden-wuerttemberg","tag-olg-stuttgart","tag-rhetorikseminar","tag-zusatzqualifikation"],"_links":{"self":[{"href":"https:\/\/www.juristenkoffer.de\/refblog\/wp-json\/wp\/v2\/posts\/3956","targetHints":{"allow":["GET"]}}],"collection":[{"href":"https:\/\/www.juristenkoffer.de\/refblog\/wp-json\/wp\/v2\/posts"}],"about":[{"href":"https:\/\/www.juristenkoffer.de\/refblog\/wp-json\/wp\/v2\/types\/post"}],"author":[{"embeddable":true,"href":"https:\/\/www.juristenkoffer.de\/refblog\/wp-json\/wp\/v2\/users\/3"}],"replies":[{"embeddable":true,"href":"https:\/\/www.juristenkoffer.de\/refblog\/wp-json\/wp\/v2\/comments?post=3956"}],"version-history":[{"count":7,"href":"https:\/\/www.juristenkoffer.de\/refblog\/wp-json\/wp\/v2\/posts\/3956\/revisions"}],"predecessor-version":[{"id":3971,"href":"https:\/\/www.juristenkoffer.de\/refblog\/wp-json\/wp\/v2\/posts\/3956\/revisions\/3971"}],"wp:attachment":[{"href":"https:\/\/www.juristenkoffer.de\/refblog\/wp-json\/wp\/v2\/media?parent=3956"}],"wp:term":[{"taxonomy":"category","embeddable":true,"href":"https:\/\/www.juristenkoffer.de\/refblog\/wp-json\/wp\/v2\/categories?post=3956"},{"taxonomy":"post_tag","embeddable":true,"href":"https:\/\/www.juristenkoffer.de\/refblog\/wp-json\/wp\/v2\/tags?post=3956"}],"curies":[{"name":"wp","href":"https:\/\/api.w.org\/{rel}","templated":true}]}}