{"id":3811,"date":"2019-09-20T21:40:40","date_gmt":"2019-09-20T19:40:40","guid":{"rendered":"http:\/\/www.juristenkoffer.de\/refblog\/?p=3811"},"modified":"2019-09-20T21:40:55","modified_gmt":"2019-09-20T19:40:55","slug":"nicht-genommener-urlaub-im-referendariat","status":"publish","type":"post","link":"https:\/\/www.juristenkoffer.de\/refblog\/allgemein\/nicht-genommener-urlaub-im-referendariat\/","title":{"rendered":"Nicht genommener Urlaub im Referendariat"},"content":{"rendered":"<p><img loading=\"lazy\" decoding=\"async\" class=\"alignleft size-full wp-image-3824\" title=\"Urlaub\" src=\"https:\/\/www.juristenkoffer.de\/refblog\/wp-content\/uploads\/2011\/11\/Urlaub.jpg\" alt=\"\" width=\"150\" height=\"150\" \/>Was passiert eigentlich mit dem Urlaub, den man w\u00e4hrend des Referendariats nicht genommen hat, nachdem das Examen erfolgreich vor\u00fcber ist? Diese Frage stellte sich auch ein ehemaliger Referendar aus Rheinland-Pfalz. Er hatte 10 Tage seines Jahresurlaubs nicht genommen und begehrte nun finanziellen Ausgleich nach Beendigung des\u00a0Referendariats in H\u00f6he von 460 Euro. Das Land lehnte ab mit der Begr\u00fcndung, es fehle die Anspruchsgrundlage.<!--more--> Dieser Rechtsauffassung schloss sich auch das VG Trier an. In der Entscheidung hei\u00dft es weiter, dass allenfalls ein aus den europarechtlichen Regelungen ableitbarer Anspruch bestehen k\u00f6nne. Voraussetzung hierf\u00fcr sei aber die Tatsache, dass es dem Anspruchsteller unm\u00f6glich gewesen sein muss, den Urlaub w\u00e4hrend des Jahres anzutreten und zwar aus Umst\u00e4nden, die nicht vom Willen des Anspruchstellers gesteuert sind (beispielsweise Krankheit). So lag der Fall hier aber leider nicht und der Referendar ging leer aus.<\/p>\n<p>Also schleunigst den Urlaub nehmen, ansonsten verf\u00e4llt er!<\/p>\n<p>Entscheidung des Verwaltungsgerichts Trier &#8211; 1 K 1550\/10.TR &#8211;<\/p>\n","protected":false},"excerpt":{"rendered":"<p>Was passiert eigentlich mit dem Urlaub, den man w\u00e4hrend des Referendariats nicht genommen hat, nachdem das Examen erfolgreich vor\u00fcber ist? Diese Frage stellte sich auch ein ehemaliger Referendar aus Rheinland-Pfalz. Er hatte 10 Tage seines Jahresurlaubs nicht genommen und begehrte nun finanziellen Ausgleich nach Beendigung des\u00a0Referendariats in H\u00f6he von 460 Euro. Das Land lehnte ab [&hellip;]<\/p>\n","protected":false},"author":3,"featured_media":0,"comment_status":"open","ping_status":"open","sticky":false,"template":"","format":"standard","meta":{"footnotes":""},"categories":[1,263],"tags":[806,805],"class_list":["post-3811","post","type-post","status-publish","format-standard","hentry","category-allgemein","category-rheinland-pfalz","tag-abgeltung","tag-urlaub"],"_links":{"self":[{"href":"https:\/\/www.juristenkoffer.de\/refblog\/wp-json\/wp\/v2\/posts\/3811","targetHints":{"allow":["GET"]}}],"collection":[{"href":"https:\/\/www.juristenkoffer.de\/refblog\/wp-json\/wp\/v2\/posts"}],"about":[{"href":"https:\/\/www.juristenkoffer.de\/refblog\/wp-json\/wp\/v2\/types\/post"}],"author":[{"embeddable":true,"href":"https:\/\/www.juristenkoffer.de\/refblog\/wp-json\/wp\/v2\/users\/3"}],"replies":[{"embeddable":true,"href":"https:\/\/www.juristenkoffer.de\/refblog\/wp-json\/wp\/v2\/comments?post=3811"}],"version-history":[{"count":11,"href":"https:\/\/www.juristenkoffer.de\/refblog\/wp-json\/wp\/v2\/posts\/3811\/revisions"}],"predecessor-version":[{"id":11980,"href":"https:\/\/www.juristenkoffer.de\/refblog\/wp-json\/wp\/v2\/posts\/3811\/revisions\/11980"}],"wp:attachment":[{"href":"https:\/\/www.juristenkoffer.de\/refblog\/wp-json\/wp\/v2\/media?parent=3811"}],"wp:term":[{"taxonomy":"category","embeddable":true,"href":"https:\/\/www.juristenkoffer.de\/refblog\/wp-json\/wp\/v2\/categories?post=3811"},{"taxonomy":"post_tag","embeddable":true,"href":"https:\/\/www.juristenkoffer.de\/refblog\/wp-json\/wp\/v2\/tags?post=3811"}],"curies":[{"name":"wp","href":"https:\/\/api.w.org\/{rel}","templated":true}]}}