{"id":3757,"date":"2011-06-13T13:26:43","date_gmt":"2011-06-13T12:26:43","guid":{"rendered":"http:\/\/www.juristenkoffer.de\/refblog\/?p=3757"},"modified":"2013-03-18T15:30:16","modified_gmt":"2013-03-18T14:30:16","slug":"raucherregelung-im-staatsexamen","status":"publish","type":"post","link":"https:\/\/www.juristenkoffer.de\/refblog\/examen\/raucherregelung-im-staatsexamen\/","title":{"rendered":"Raucherregelung im Staatsexamen"},"content":{"rendered":"<p><img loading=\"lazy\" decoding=\"async\" class=\"alignleft size-full wp-image-3760\" alt=\"\" src=\"https:\/\/www.juristenkoffer.de\/refblog\/wp-content\/uploads\/2011\/06\/941602_smoking_and_moving_cigarette1.jpg\" width=\"150\" height=\"189\" \/>Auf den Seiten des LJPA Bayern bin ich \u00fcber einen <a href=\"http:\/\/www.justiz.bayern.de\/pruefungsamt\/staatspruefung\/hinweise\/01632\/index.php\" target=\"_blank\">Hinweis f\u00fcr Raucher<\/a> gestolpert: &#8222;Bitte beachten Sie, dass aufgrund des Gesundheitsschutzgesetzes das Rauchen in \u00f6ffentlichen Geb\u00e4uden nicht erlaubt ist. Da die\u00a0Erste und Zweite Juristische Staatspr\u00fcfung in \u00f6ffentlichen Geb\u00e4uden abgehalten werden, ist das Rauchen im gesamten Pr\u00fcfungsbereich nicht gestattet. Das Verlassen des Pr\u00fcfungsbereichs kann auch zum Zwecke des Rauchens nicht gestattet werden.&#8220; Ist es inzwischen f\u00fcr alle Raucher unter den Referendaren ausgeschlossen, w\u00e4hrend der f\u00fcnfst\u00fcndigen Klausur zu rauchen!? <!--more--><\/p>\n<p>Als wir in NRW unser Examen geschrieben haben, gab es zumindest eine Nichtraucher- und eine Rauchertoilette, die direkt vom Pr\u00fcfungsraum aus zu betreten waren. So konnten die Raucher sich auch w\u00e4hrend des schriftlichen Examens mal eine Zigarette g\u00f6nnen. Ich bin zwar selbst Nichtraucher,\u00a0stelle es mir aber sehr schwierig vor, die 5 Stunden ohne Nikotin durchhalten zu m\u00fcssen, wenn man sonst regelm\u00e4\u00dfig raucht.<\/p>\n<p>Wie ist das denn in den anderen Bundesl\u00e4ndern geregelt? Gilt auch dort derart rigoros das Rauchverbot wie in Bayern oder werden\u00a0&#8211; wie bei uns fr\u00fcher in NRW\u00a0&#8211; M\u00f6glichkeiten geschaffen, um w\u00e4hrend einer Klausur eine Zigarette rauchen zu k\u00f6nnen?!<\/p>\n","protected":false},"excerpt":{"rendered":"<p>Auf den Seiten des LJPA Bayern bin ich \u00fcber einen Hinweis f\u00fcr Raucher gestolpert: &#8222;Bitte beachten Sie, dass aufgrund des Gesundheitsschutzgesetzes das Rauchen in \u00f6ffentlichen Geb\u00e4uden nicht erlaubt ist. Da die\u00a0Erste und Zweite Juristische Staatspr\u00fcfung in \u00f6ffentlichen Geb\u00e4uden abgehalten werden, ist das Rauchen im gesamten Pr\u00fcfungsbereich nicht gestattet. Das Verlassen des Pr\u00fcfungsbereichs kann auch zum [&hellip;]<\/p>\n","protected":false},"author":2,"featured_media":0,"comment_status":"open","ping_status":"open","sticky":false,"template":"","format":"standard","meta":{"footnotes":""},"categories":[51],"tags":[790,791],"class_list":["post-3757","post","type-post","status-publish","format-standard","hentry","category-examen","tag-raucherregelung","tag-zigarettenkonsum"],"_links":{"self":[{"href":"https:\/\/www.juristenkoffer.de\/refblog\/wp-json\/wp\/v2\/posts\/3757","targetHints":{"allow":["GET"]}}],"collection":[{"href":"https:\/\/www.juristenkoffer.de\/refblog\/wp-json\/wp\/v2\/posts"}],"about":[{"href":"https:\/\/www.juristenkoffer.de\/refblog\/wp-json\/wp\/v2\/types\/post"}],"author":[{"embeddable":true,"href":"https:\/\/www.juristenkoffer.de\/refblog\/wp-json\/wp\/v2\/users\/2"}],"replies":[{"embeddable":true,"href":"https:\/\/www.juristenkoffer.de\/refblog\/wp-json\/wp\/v2\/comments?post=3757"}],"version-history":[{"count":10,"href":"https:\/\/www.juristenkoffer.de\/refblog\/wp-json\/wp\/v2\/posts\/3757\/revisions"}],"predecessor-version":[{"id":7498,"href":"https:\/\/www.juristenkoffer.de\/refblog\/wp-json\/wp\/v2\/posts\/3757\/revisions\/7498"}],"wp:attachment":[{"href":"https:\/\/www.juristenkoffer.de\/refblog\/wp-json\/wp\/v2\/media?parent=3757"}],"wp:term":[{"taxonomy":"category","embeddable":true,"href":"https:\/\/www.juristenkoffer.de\/refblog\/wp-json\/wp\/v2\/categories?post=3757"},{"taxonomy":"post_tag","embeddable":true,"href":"https:\/\/www.juristenkoffer.de\/refblog\/wp-json\/wp\/v2\/tags?post=3757"}],"curies":[{"name":"wp","href":"https:\/\/api.w.org\/{rel}","templated":true}]}}