{"id":3565,"date":"2011-04-30T11:17:45","date_gmt":"2011-04-30T09:17:45","guid":{"rendered":"http:\/\/www.juristenkoffer.de\/refblog\/?p=3565"},"modified":"2016-03-04T20:00:50","modified_gmt":"2016-03-04T18:00:50","slug":"patricks-wahlstation-in-johannesburg","status":"publish","type":"post","link":"https:\/\/www.juristenkoffer.de\/refblog\/wahlstation\/patricks-wahlstation-in-johannesburg\/","title":{"rendered":"Patricks Wahlstation in Johannesburg"},"content":{"rendered":"<p>Patrick war von Juli bis September 2010 w\u00e4hrend seiner <a href=\"http:\/\/patrick-southafrica.blog.de\/\" target=\"_blank\">Wahlstation in Johannesburg<\/a> und hat \u00fcber seine Erlebnisse dort ausf\u00fchrlich gebloggt!<\/p>\n<p style=\"text-align: center;\"><img loading=\"lazy\" decoding=\"async\" class=\"size-full wp-image-3568  aligncenter\" title=\"Flagge S\u00fcdafrika\" src=\"https:\/\/www.juristenkoffer.de\/refblog\/wp-content\/uploads\/2011\/04\/Flagge-S\u00fcdafrika1.png\" alt=\"\" width=\"200\" height=\"100\" \/><\/p>\n<p>Die Wahlstation selbst hat\u00a0Patrick bei der Handelskammer verbracht. Seine Berichte drehen sich aber vor allem um die Stadt Johannesburg und nat\u00fcrlich das Land S\u00fcdafrika. Zudem gibts viele sch\u00f6ne und beeindruckende Fotos, die sicherlich beim dem ein oder anderen Referendar Fernweh ausl\u00f6sen werden! <img decoding=\"async\" title=\"Weiterlesen...\" src=\"https:\/\/www.juristenkoffer.de\/refblog\/wp-includes\/js\/tinymce\/plugins\/wordpress\/img\/trans.gif\" alt=\"\" \/><\/p>\n","protected":false},"excerpt":{"rendered":"<p>Patrick war von Juli bis September 2010 w\u00e4hrend seiner Wahlstation in Johannesburg und hat \u00fcber seine Erlebnisse dort ausf\u00fchrlich gebloggt! Die Wahlstation selbst hat\u00a0Patrick bei der Handelskammer verbracht. Seine Berichte drehen sich aber vor allem um die Stadt Johannesburg und nat\u00fcrlich das Land S\u00fcdafrika. Zudem gibts viele sch\u00f6ne und beeindruckende Fotos, die sicherlich beim dem [&hellip;]<\/p>\n","protected":false},"author":2,"featured_media":0,"comment_status":"open","ping_status":"open","sticky":false,"template":"","format":"standard","meta":{"footnotes":""},"categories":[1230,7],"tags":[769],"class_list":["post-3565","post","type-post","status-publish","format-standard","hentry","category-ausland","category-wahlstation","tag-wahlstation-johannesburg"],"_links":{"self":[{"href":"https:\/\/www.juristenkoffer.de\/refblog\/wp-json\/wp\/v2\/posts\/3565","targetHints":{"allow":["GET"]}}],"collection":[{"href":"https:\/\/www.juristenkoffer.de\/refblog\/wp-json\/wp\/v2\/posts"}],"about":[{"href":"https:\/\/www.juristenkoffer.de\/refblog\/wp-json\/wp\/v2\/types\/post"}],"author":[{"embeddable":true,"href":"https:\/\/www.juristenkoffer.de\/refblog\/wp-json\/wp\/v2\/users\/2"}],"replies":[{"embeddable":true,"href":"https:\/\/www.juristenkoffer.de\/refblog\/wp-json\/wp\/v2\/comments?post=3565"}],"version-history":[{"count":3,"href":"https:\/\/www.juristenkoffer.de\/refblog\/wp-json\/wp\/v2\/posts\/3565\/revisions"}],"predecessor-version":[{"id":3570,"href":"https:\/\/www.juristenkoffer.de\/refblog\/wp-json\/wp\/v2\/posts\/3565\/revisions\/3570"}],"wp:attachment":[{"href":"https:\/\/www.juristenkoffer.de\/refblog\/wp-json\/wp\/v2\/media?parent=3565"}],"wp:term":[{"taxonomy":"category","embeddable":true,"href":"https:\/\/www.juristenkoffer.de\/refblog\/wp-json\/wp\/v2\/categories?post=3565"},{"taxonomy":"post_tag","embeddable":true,"href":"https:\/\/www.juristenkoffer.de\/refblog\/wp-json\/wp\/v2\/tags?post=3565"}],"curies":[{"name":"wp","href":"https:\/\/api.w.org\/{rel}","templated":true}]}}