{"id":3420,"date":"2011-03-26T10:28:26","date_gmt":"2011-03-26T09:28:26","guid":{"rendered":"http:\/\/www.juristenkoffer.de\/refblog\/?p=3420"},"modified":"2011-03-26T10:28:26","modified_gmt":"2011-03-26T09:28:26","slug":"party-der-rechtsreferendare-duesseldorf","status":"publish","type":"post","link":"https:\/\/www.juristenkoffer.de\/refblog\/allgemein\/party-der-rechtsreferendare-duesseldorf\/","title":{"rendered":"Party der Rechtsreferendare D\u00fcsseldorf"},"content":{"rendered":"<p><a href=\"https:\/\/www.juristenkoffer.de\/refblog\/wp-content\/uploads\/2011\/03\/Party-Rechtsreferendare-D\u00fcsseldorf.jpg\"><img loading=\"lazy\" decoding=\"async\" class=\"alignleft size-thumbnail wp-image-3421\" title=\"Party Rechtsreferendare D\u00fcsseldorf\" src=\"https:\/\/www.juristenkoffer.de\/refblog\/wp-content\/uploads\/2011\/03\/Party-Rechtsreferendare-D\u00fcsseldorf-150x150.jpg\" alt=\"\" width=\"150\" height=\"160\" \/><\/a>Heute steigt die 1. Party der Rechtsreferendare am LG D\u00fcsseldorf.\u00a0Beginn der Party ist um 20 Uhr im Luisen Cafe (K\u00f6lner Str. 186).<\/p>\n<p>Laut Flyer und <a href=\"http:\/\/www.rechtsreferendare-duesseldorf.de\/index.php?area=1&amp;p=news&amp;newsid=70&amp;koobi=a8b8a67095e1983ea79bb7512b29f9bb\" target=\"_blank\">Infos auf der Homepage<\/a> gibt es zwar eine G\u00e4steliste mit maximal 100 G\u00e4sten, auf der man stehen muss, um mitfeiern zu k\u00f6nnen. Vielleicht gibt es aber ja auch noch kurzfristig ein paar Karten, die 5 \u20ac kosten.\u00a0Auf jeden Fall viel Spa\u00df beim Feiern!<\/p>\n","protected":false},"excerpt":{"rendered":"<p>Heute steigt die 1. Party der Rechtsreferendare am LG D\u00fcsseldorf.\u00a0Beginn der Party ist um 20 Uhr im Luisen Cafe (K\u00f6lner Str. 186). Laut Flyer und Infos auf der Homepage gibt es zwar eine G\u00e4steliste mit maximal 100 G\u00e4sten, auf der man stehen muss, um mitfeiern zu k\u00f6nnen. Vielleicht gibt es aber ja auch noch kurzfristig [&hellip;]<\/p>\n","protected":false},"author":2,"featured_media":0,"comment_status":"open","ping_status":"open","sticky":false,"template":"","format":"standard","meta":{"footnotes":""},"categories":[1,41],"tags":[750,755],"class_list":["post-3420","post","type-post","status-publish","format-standard","hentry","category-allgemein","category-nrw","tag-party","tag-referendare-duesseldorf"],"_links":{"self":[{"href":"https:\/\/www.juristenkoffer.de\/refblog\/wp-json\/wp\/v2\/posts\/3420","targetHints":{"allow":["GET"]}}],"collection":[{"href":"https:\/\/www.juristenkoffer.de\/refblog\/wp-json\/wp\/v2\/posts"}],"about":[{"href":"https:\/\/www.juristenkoffer.de\/refblog\/wp-json\/wp\/v2\/types\/post"}],"author":[{"embeddable":true,"href":"https:\/\/www.juristenkoffer.de\/refblog\/wp-json\/wp\/v2\/users\/2"}],"replies":[{"embeddable":true,"href":"https:\/\/www.juristenkoffer.de\/refblog\/wp-json\/wp\/v2\/comments?post=3420"}],"version-history":[{"count":3,"href":"https:\/\/www.juristenkoffer.de\/refblog\/wp-json\/wp\/v2\/posts\/3420\/revisions"}],"predecessor-version":[{"id":3424,"href":"https:\/\/www.juristenkoffer.de\/refblog\/wp-json\/wp\/v2\/posts\/3420\/revisions\/3424"}],"wp:attachment":[{"href":"https:\/\/www.juristenkoffer.de\/refblog\/wp-json\/wp\/v2\/media?parent=3420"}],"wp:term":[{"taxonomy":"category","embeddable":true,"href":"https:\/\/www.juristenkoffer.de\/refblog\/wp-json\/wp\/v2\/categories?post=3420"},{"taxonomy":"post_tag","embeddable":true,"href":"https:\/\/www.juristenkoffer.de\/refblog\/wp-json\/wp\/v2\/tags?post=3420"}],"curies":[{"name":"wp","href":"https:\/\/api.w.org\/{rel}","templated":true}]}}