{"id":3380,"date":"2011-03-17T06:11:44","date_gmt":"2011-03-17T05:11:44","guid":{"rendered":"http:\/\/www.juristenkoffer.de\/refblog\/?p=3380"},"modified":"2011-03-16T18:32:20","modified_gmt":"2011-03-16T17:32:20","slug":"befangenheit-vater-als-richter-sohn-als-referendar-bei-der-sta","status":"publish","type":"post","link":"https:\/\/www.juristenkoffer.de\/refblog\/strafrechtsstation\/befangenheit-vater-als-richter-sohn-als-referendar-bei-der-sta\/","title":{"rendered":"Befangenheit: Vater als Richter \u2013 Sohn als Referendar bei der StA"},"content":{"rendered":"<p><a href=\"https:\/\/www.juristenkoffer.de\/refblog\/wp-content\/uploads\/2011\/03\/MH900292574.jpg\"><img loading=\"lazy\" decoding=\"async\" class=\"alignleft size-full wp-image-3381\" title=\"MH900292574\" src=\"https:\/\/www.juristenkoffer.de\/refblog\/wp-content\/uploads\/2011\/03\/MH900292574.jpg\" alt=\"\" width=\"150\" height=\"150\" \/><\/a>Im K\u00f6lner Landgericht musste man sich k\u00fcrzlich mit einem interessanten Befangenheitsantrag auseinandersetzen. Im sogenannten &#8222;Rosenm\u00e4dchen&#8220;-Prozess war der Sohn des Vorsitzenden Richters im Rahmen des Referendariats bei der Staatsanwaltschaft besch\u00e4ftigt und zuf\u00e4lliger Weise bei genau der Staatsanw\u00e4ltin, in deren Zust\u00e4ndigkeit auch dieser Fall fiel. Die Verteidigung bem\u00e4ngelte, dass der Referendar bei der Anklage der Staatsanwaltschaft mitgearbeitet hatte. <!--more-->Au\u00dferdem war der Sohn des Richters bei einer Zeugenvernehmung im Vorfeld der Gerichtsverhandlung anwesend. Die zust\u00e4ndige Staatsanw\u00e4ltin best\u00e4tigte dies, sagte aber, dass der Sohn des Richters nur zu Ausbildungszwecken bei der Anklagebeh\u00f6rde gearbeitet und w\u00e4hrend der Vernehmung des Zeugen keine Fragen gestellt habe. Mittlerweile wurde der Befangenheitsantrag abgelehnt. Es gebe \u201ekeine Besorgnis der Befangenheit\u201c, teilte die Kammer mit. Und da die Strafstation schlie\u00dflich auch nur 3 Monate dauert, ist der Sohn nun auch schon in der Verwaltungsstation, da k\u00f6nnen wir nur hoffen, dass er die Anwaltsstation nicht in der Kanzlei der Anw\u00e4lte absolviert, die derzeit die Verteidigung wahrnehmen. \ud83d\ude42<\/p>\n<p>Und zu allem \u00dcberfluss wurde zwischenzeitlich von der Verteidigung auch noch die Staatsanw\u00e4ltin wegen m\u00f6glicherweise fehlender Neutralit\u00e4t abgelehnt, weil ihr Ehemann leitender Ermittler in dem Fall war.<\/p>\n","protected":false},"excerpt":{"rendered":"<p>Im K\u00f6lner Landgericht musste man sich k\u00fcrzlich mit einem interessanten Befangenheitsantrag auseinandersetzen. Im sogenannten &#8222;Rosenm\u00e4dchen&#8220;-Prozess war der Sohn des Vorsitzenden Richters im Rahmen des Referendariats bei der Staatsanwaltschaft besch\u00e4ftigt und zuf\u00e4lliger Weise bei genau der Staatsanw\u00e4ltin, in deren Zust\u00e4ndigkeit auch dieser Fall fiel. Die Verteidigung bem\u00e4ngelte, dass der Referendar bei der Anklage der Staatsanwaltschaft mitgearbeitet [&hellip;]<\/p>\n","protected":false},"author":3,"featured_media":0,"comment_status":"open","ping_status":"open","sticky":false,"template":"","format":"standard","meta":{"footnotes":""},"categories":[4],"tags":[752,25,753],"class_list":["post-3380","post","type-post","status-publish","format-standard","hentry","category-strafrechtsstation","tag-befangenheit","tag-staatsanwalt","tag-strafstation"],"_links":{"self":[{"href":"https:\/\/www.juristenkoffer.de\/refblog\/wp-json\/wp\/v2\/posts\/3380","targetHints":{"allow":["GET"]}}],"collection":[{"href":"https:\/\/www.juristenkoffer.de\/refblog\/wp-json\/wp\/v2\/posts"}],"about":[{"href":"https:\/\/www.juristenkoffer.de\/refblog\/wp-json\/wp\/v2\/types\/post"}],"author":[{"embeddable":true,"href":"https:\/\/www.juristenkoffer.de\/refblog\/wp-json\/wp\/v2\/users\/3"}],"replies":[{"embeddable":true,"href":"https:\/\/www.juristenkoffer.de\/refblog\/wp-json\/wp\/v2\/comments?post=3380"}],"version-history":[{"count":6,"href":"https:\/\/www.juristenkoffer.de\/refblog\/wp-json\/wp\/v2\/posts\/3380\/revisions"}],"predecessor-version":[{"id":3392,"href":"https:\/\/www.juristenkoffer.de\/refblog\/wp-json\/wp\/v2\/posts\/3380\/revisions\/3392"}],"wp:attachment":[{"href":"https:\/\/www.juristenkoffer.de\/refblog\/wp-json\/wp\/v2\/media?parent=3380"}],"wp:term":[{"taxonomy":"category","embeddable":true,"href":"https:\/\/www.juristenkoffer.de\/refblog\/wp-json\/wp\/v2\/categories?post=3380"},{"taxonomy":"post_tag","embeddable":true,"href":"https:\/\/www.juristenkoffer.de\/refblog\/wp-json\/wp\/v2\/tags?post=3380"}],"curies":[{"name":"wp","href":"https:\/\/api.w.org\/{rel}","templated":true}]}}