{"id":3367,"date":"2011-03-08T11:11:20","date_gmt":"2011-03-08T10:11:20","guid":{"rendered":"http:\/\/www.juristenkoffer.de\/refblog\/?p=3367"},"modified":"2011-03-07T22:10:51","modified_gmt":"2011-03-07T21:10:51","slug":"party-des-personalrats-der-referendare-in-berlin","status":"publish","type":"post","link":"https:\/\/www.juristenkoffer.de\/refblog\/allgemein\/party-des-personalrats-der-referendare-in-berlin\/","title":{"rendered":"Party des Personalrats der Referendare in Berlin"},"content":{"rendered":"<p><a href=\"https:\/\/www.juristenkoffer.de\/refblog\/wp-content\/uploads\/2011\/03\/refparty11311.jpg\"><img loading=\"lazy\" decoding=\"async\" class=\"alignleft size-full wp-image-3368\" title=\"refparty11311\" src=\"https:\/\/www.juristenkoffer.de\/refblog\/wp-content\/uploads\/2011\/03\/refparty11311.jpg\" alt=\"\" width=\"150\" height=\"150\" \/><\/a>Am Freitag, den 11.03.2011 ist es wieder so weit: Der  Personalrat der Referendare in Berlin veranstaltet in gewohnter Regelm\u00e4\u00dfigkeit die n\u00e4chste  Referendarparty. Um 22 Uhr in der Kulturbrauerei (NBI Club), Sch\u00f6nhauser  Allee 36 in Berlin-Prenzlauer Berg geht es los. Es sind alle Referendare und  Referendarinnen aus Berlin, Brandenburg und sicherlich auch \u00fcber die Grenzen der beiden Bundesl\u00e4nder hinaus,\u00a0 herzlich eingeladen. <!--more--><\/p>\n<p>Karten k\u00f6nnen im Vorverkauf im Personalratsb\u00fcro in der Salzburger  Stra\u00dfe 21-25 in Berlin erworben werden f\u00fcr 3,00 Euro. Neuerdings findet der Verkauf auch in den AG\u00b4s statt. An der Abendkasse  gibt\u00b4s die Karten dann f\u00fcr Kurzentschlossene zum Preis von\u00a0 5,00 Euro.<\/p>\n","protected":false},"excerpt":{"rendered":"<p>Am Freitag, den 11.03.2011 ist es wieder so weit: Der Personalrat der Referendare in Berlin veranstaltet in gewohnter Regelm\u00e4\u00dfigkeit die n\u00e4chste Referendarparty. Um 22 Uhr in der Kulturbrauerei (NBI Club), Sch\u00f6nhauser Allee 36 in Berlin-Prenzlauer Berg geht es los. Es sind alle Referendare und Referendarinnen aus Berlin, Brandenburg und sicherlich auch \u00fcber die Grenzen der [&hellip;]<\/p>\n","protected":false},"author":3,"featured_media":0,"comment_status":"open","ping_status":"open","sticky":false,"template":"","format":"standard","meta":{"footnotes":""},"categories":[1,117],"tags":[1242,750,157],"class_list":["post-3367","post","type-post","status-publish","format-standard","hentry","category-allgemein","category-berlin","tag-berlin","tag-party","tag-personalrat"],"_links":{"self":[{"href":"https:\/\/www.juristenkoffer.de\/refblog\/wp-json\/wp\/v2\/posts\/3367","targetHints":{"allow":["GET"]}}],"collection":[{"href":"https:\/\/www.juristenkoffer.de\/refblog\/wp-json\/wp\/v2\/posts"}],"about":[{"href":"https:\/\/www.juristenkoffer.de\/refblog\/wp-json\/wp\/v2\/types\/post"}],"author":[{"embeddable":true,"href":"https:\/\/www.juristenkoffer.de\/refblog\/wp-json\/wp\/v2\/users\/3"}],"replies":[{"embeddable":true,"href":"https:\/\/www.juristenkoffer.de\/refblog\/wp-json\/wp\/v2\/comments?post=3367"}],"version-history":[{"count":4,"href":"https:\/\/www.juristenkoffer.de\/refblog\/wp-json\/wp\/v2\/posts\/3367\/revisions"}],"predecessor-version":[{"id":3372,"href":"https:\/\/www.juristenkoffer.de\/refblog\/wp-json\/wp\/v2\/posts\/3367\/revisions\/3372"}],"wp:attachment":[{"href":"https:\/\/www.juristenkoffer.de\/refblog\/wp-json\/wp\/v2\/media?parent=3367"}],"wp:term":[{"taxonomy":"category","embeddable":true,"href":"https:\/\/www.juristenkoffer.de\/refblog\/wp-json\/wp\/v2\/categories?post=3367"},{"taxonomy":"post_tag","embeddable":true,"href":"https:\/\/www.juristenkoffer.de\/refblog\/wp-json\/wp\/v2\/tags?post=3367"}],"curies":[{"name":"wp","href":"https:\/\/api.w.org\/{rel}","templated":true}]}}