{"id":3258,"date":"2011-02-11T18:37:04","date_gmt":"2011-02-11T17:37:04","guid":{"rendered":"http:\/\/www.juristenkoffer.de\/refblog\/?p=3258"},"modified":"2011-02-11T18:33:17","modified_gmt":"2011-02-11T17:33:17","slug":"keine-chance-auf-einen-referendariatsplatz","status":"publish","type":"post","link":"https:\/\/www.juristenkoffer.de\/refblog\/vor-dem-referendariat\/keine-chance-auf-einen-referendariatsplatz\/","title":{"rendered":"Keine Chance auf einen Referendariatsplatz&#8230;"},"content":{"rendered":"<p><img loading=\"lazy\" decoding=\"async\" class=\"alignleft size-full wp-image-3259\" src=\"https:\/\/www.juristenkoffer.de\/refblog\/wp-content\/uploads\/2011\/02\/00399041.jpg\" alt=\"\" width=\"150\" height=\"150\" \/>&#8230;hat offenbar der Diplomjurist Andi S., \u00fcber den wir bereits in der <a href=\"https:\/\/www.juristenkoffer.de\/refblog\/vor-dem-referendariat\/vorbestraft-fuers-referendariat-bewerben\/\">Vergangenheit hier im RefBlog<\/a> berichtet hatten. Der Jurist, der sich um einen Referendariatsplatz beim OLG Naumburg beworben hat, ist nun laut &#8222;Volksstimme&#8220; vor dem LG Magdeburg <a href=\"http:\/\/www.volksstimme.de\/vsm\/nachrichten\/sachsen_anhalt\/sachsen_anhalt\/?sid=v43q58sd56qpeom4pd5vhvi6q7&amp;em_cnt=1935201&amp;sid=v43q58sd56qpeom4pd5vhvi6q7\" target=\"_blank\">wegen gewerbsm\u00e4\u00dfigem Betrugs<\/a> in 39 F\u00e4llen sowie wegen Betrugversuchs in weiteren 9 F\u00e4llen verurteilt worden.\u00a0 Es bleibt\u00a0noch die Revision m\u00f6glich, die &#8211; passender Weise &#8211; beim OLG Naumburg stattfinden wird! <!--more--><\/p>\n<p>F\u00fcr die Bewerbung um einen Referendariatsplatz sieht es nat\u00fcrlich nicht gut aus, sollte das Urteil rechtskr\u00e4ftig werden. Wie wir euch in dem oben verlinkten RefBlog-Artikel anhand der Vorschriften Sachsen-Anhalts dargestellt hatten, ist der Antrag auf Einstellung in den Vorbereitungsdienst abzulehnen, &#8222;wenn der Bewerber f\u00fcr den Vorbereitungsdienst ungeeignet ist&#8220;. Das d\u00fcrfte bei einer solchen Verurteilung mit Sicherheit der Fall sein.<\/p>\n","protected":false},"excerpt":{"rendered":"<p>&#8230;hat offenbar der Diplomjurist Andi S., \u00fcber den wir bereits in der Vergangenheit hier im RefBlog berichtet hatten. Der Jurist, der sich um einen Referendariatsplatz beim OLG Naumburg beworben hat, ist nun laut &#8222;Volksstimme&#8220; vor dem LG Magdeburg wegen gewerbsm\u00e4\u00dfigem Betrugs in 39 F\u00e4llen sowie wegen Betrugversuchs in weiteren 9 F\u00e4llen verurteilt worden.\u00a0 Es bleibt\u00a0noch [&hellip;]<\/p>\n","protected":false},"author":2,"featured_media":0,"comment_status":"open","ping_status":"open","sticky":false,"template":"","format":"standard","meta":{"footnotes":""},"categories":[6],"tags":[19,656,734,373],"class_list":["post-3258","post","type-post","status-publish","format-standard","hentry","category-vor-dem-referendariat","tag-bewerbung","tag-rechtsreferendariat","tag-vorbereitungsdienst","tag-vorstrafe"],"_links":{"self":[{"href":"https:\/\/www.juristenkoffer.de\/refblog\/wp-json\/wp\/v2\/posts\/3258","targetHints":{"allow":["GET"]}}],"collection":[{"href":"https:\/\/www.juristenkoffer.de\/refblog\/wp-json\/wp\/v2\/posts"}],"about":[{"href":"https:\/\/www.juristenkoffer.de\/refblog\/wp-json\/wp\/v2\/types\/post"}],"author":[{"embeddable":true,"href":"https:\/\/www.juristenkoffer.de\/refblog\/wp-json\/wp\/v2\/users\/2"}],"replies":[{"embeddable":true,"href":"https:\/\/www.juristenkoffer.de\/refblog\/wp-json\/wp\/v2\/comments?post=3258"}],"version-history":[{"count":6,"href":"https:\/\/www.juristenkoffer.de\/refblog\/wp-json\/wp\/v2\/posts\/3258\/revisions"}],"predecessor-version":[{"id":3263,"href":"https:\/\/www.juristenkoffer.de\/refblog\/wp-json\/wp\/v2\/posts\/3258\/revisions\/3263"}],"wp:attachment":[{"href":"https:\/\/www.juristenkoffer.de\/refblog\/wp-json\/wp\/v2\/media?parent=3258"}],"wp:term":[{"taxonomy":"category","embeddable":true,"href":"https:\/\/www.juristenkoffer.de\/refblog\/wp-json\/wp\/v2\/categories?post=3258"},{"taxonomy":"post_tag","embeddable":true,"href":"https:\/\/www.juristenkoffer.de\/refblog\/wp-json\/wp\/v2\/tags?post=3258"}],"curies":[{"name":"wp","href":"https:\/\/api.w.org\/{rel}","templated":true}]}}