{"id":3244,"date":"2011-02-10T07:46:59","date_gmt":"2011-02-10T06:46:59","guid":{"rendered":"http:\/\/www.juristenkoffer.de\/refblog\/?p=3244"},"modified":"2011-02-10T19:41:57","modified_gmt":"2011-02-10T18:41:57","slug":"neues-buch-zum-besonderen-verwaltungsrecht-fuer-referendare","status":"publish","type":"post","link":"https:\/\/www.juristenkoffer.de\/refblog\/verwaltungsstation\/neues-buch-zum-besonderen-verwaltungsrecht-fuer-referendare\/","title":{"rendered":"Neues Buch zum Besonderen Verwaltungsrecht f\u00fcr Referendare"},"content":{"rendered":"<p><img loading=\"lazy\" decoding=\"async\" class=\"alignleft size-full wp-image-3247\" title=\"K\u00fclpmann - Besonderes Verwaltungsrecht im Assessorexamen\" src=\"https:\/\/www.juristenkoffer.de\/refblog\/wp-content\/uploads\/2011\/02\/K\u00fclpmann-Besonderes-Verwaltungsrecht-im-Assessorexamen.png\" alt=\"\" width=\"150\" height=\"160\" \/>Anfang dieses Jahres ist ein neues Buch zum Besonderen Verwaltungsrecht erschienen, das sich speziell an Rechtsreferendare richtet.\u00a0<\/p>\n<p>Das besondere Verwaltungsrecht bleibt nat\u00fcrlich auch f\u00fcr das zweite Examen sehr relevant. Umso erstaunlicher ist daher, dass es bislang nur 2 B\u00fccher gab, die speziell\u00a0auf\u00a0das Assessorexamen\u00a0zugeschnitten waren. Mit dem Buch von <a href=\"http:\/\/www.referendarbuchladen.de\/ausbildung\/besonderes-verwaltungsrecht-im-assessorexamen\/\">K\u00fclpmann<\/a> ist nun ein Drittes dazu gekommen. <!--more--><\/p>\n<p>Herausgeber des Buches ist Dr. Christoph K\u00fclpmann. Er ist Richter am Verwaltungsgericht Bremen.<\/p>\n<p>Auf knapp 300 Seiten werden die wesentlichen Gebiete dargestellt wie zum Beispiel das Polizei- und Ordnungsrecht, das Gewerberecht und das Kommunalrecht. Zudem werden auch die Grundz\u00fcge des Beamtenrechts dargestellt, das nicht selten Gegenstand gerade der Klausuren im 2. Examen ist.<\/p>\n<p>Interessant ist der Hinweis auf der Verlagsseite, dass das Buch unter Ber\u00fccksichtigung vieler aktueller und ehemaliger Examensklausuren und Aktenvortr\u00e4gen geschrieben worden ist.<\/p>\n<blockquote><p>F\u00fcr die Darstellung wurden viele hundert ver\u00f6ffentlichte und unver\u00f6ffentlichte Klausuren und Aktenvortr\u00e4ge ausgewertet. Sie beruht ferner auf den Erfahrungen der Autoren als Pr\u00fcfer in juristischen Staatspr\u00fcfungen und nebenamtliche Leiter von Arbeitsgemeinschaften.<\/p><\/blockquote>\n<p>Das l\u00e4sst hoffen, dass\u00a0das Buch tats\u00e4chlich alles Examensrelevante abdeckt und so die Rechtsreferendare hinsichtlich des materiellen Rechts gut auf die Klausuren im Verwaltungsrecht vorbereitet.<\/p>\n<p>Das Buch von <a href=\"http:\/\/www.referendarbuchladen.de\/ausbildung\/besonderes-verwaltungsrecht-im-assessorexamen\/\">K\u00fclpmann &#8222;Besonderes Verwaltungsrecht im Assessorexamen&#8220;<\/a> findest Du nat\u00fcrlich auch im Referendarbuchladen &#8211; dem Buchladen f\u00fcr Rechtsreferendare!<\/p>\n","protected":false},"excerpt":{"rendered":"<p>Anfang dieses Jahres ist ein neues Buch zum Besonderen Verwaltungsrecht erschienen, das sich speziell an Rechtsreferendare richtet.\u00a0 Das besondere Verwaltungsrecht bleibt nat\u00fcrlich auch f\u00fcr das zweite Examen sehr relevant. Umso erstaunlicher ist daher, dass es bislang nur 2 B\u00fccher gab, die speziell\u00a0auf\u00a0das Assessorexamen\u00a0zugeschnitten waren. Mit dem Buch von K\u00fclpmann ist nun ein Drittes dazu gekommen.<\/p>\n","protected":false},"author":2,"featured_media":0,"comment_status":"open","ping_status":"open","sticky":false,"template":"","format":"standard","meta":{"footnotes":""},"categories":[5],"tags":[731,732,675,733],"class_list":["post-3244","post","type-post","status-publish","format-standard","hentry","category-verwaltungsstation","tag-besonderes-verwaltungsrecht","tag-kuelpmann","tag-referendarbuchladen","tag-skript"],"_links":{"self":[{"href":"https:\/\/www.juristenkoffer.de\/refblog\/wp-json\/wp\/v2\/posts\/3244","targetHints":{"allow":["GET"]}}],"collection":[{"href":"https:\/\/www.juristenkoffer.de\/refblog\/wp-json\/wp\/v2\/posts"}],"about":[{"href":"https:\/\/www.juristenkoffer.de\/refblog\/wp-json\/wp\/v2\/types\/post"}],"author":[{"embeddable":true,"href":"https:\/\/www.juristenkoffer.de\/refblog\/wp-json\/wp\/v2\/users\/2"}],"replies":[{"embeddable":true,"href":"https:\/\/www.juristenkoffer.de\/refblog\/wp-json\/wp\/v2\/comments?post=3244"}],"version-history":[{"count":16,"href":"https:\/\/www.juristenkoffer.de\/refblog\/wp-json\/wp\/v2\/posts\/3244\/revisions"}],"predecessor-version":[{"id":3273,"href":"https:\/\/www.juristenkoffer.de\/refblog\/wp-json\/wp\/v2\/posts\/3244\/revisions\/3273"}],"wp:attachment":[{"href":"https:\/\/www.juristenkoffer.de\/refblog\/wp-json\/wp\/v2\/media?parent=3244"}],"wp:term":[{"taxonomy":"category","embeddable":true,"href":"https:\/\/www.juristenkoffer.de\/refblog\/wp-json\/wp\/v2\/categories?post=3244"},{"taxonomy":"post_tag","embeddable":true,"href":"https:\/\/www.juristenkoffer.de\/refblog\/wp-json\/wp\/v2\/tags?post=3244"}],"curies":[{"name":"wp","href":"https:\/\/api.w.org\/{rel}","templated":true}]}}