{"id":3134,"date":"2011-01-08T08:00:37","date_gmt":"2011-01-08T07:00:37","guid":{"rendered":"http:\/\/www.juristenkoffer.de\/refblog\/?p=3134"},"modified":"2012-01-20T16:24:25","modified_gmt":"2012-01-20T15:24:25","slug":"referendariat-in-owl-19-bergfest-in-aussicht","status":"publish","type":"post","link":"https:\/\/www.juristenkoffer.de\/refblog\/allgemein\/referendariat-in-owl-19-bergfest-in-aussicht\/","title":{"rendered":"Referendariat in OWL (19) &#8211; Bergfest in Aussicht"},"content":{"rendered":"<p><img loading=\"lazy\" decoding=\"async\" class=\"alignleft\" title=\"Bergfest\" src=\"https:\/\/www.juristenkoffer.de\/refblog\/wp-content\/uploads\/2011\/01\/00401258.jpg\" alt=\"\" width=\"150\" height=\"160\" \/>Am Ende der Verwaltungsstation steht f\u00fcr mich im Referendariat das Bergfest an: <strong>11 Monate der Praxisausbildung sind vor\u00fcber<\/strong> (5 Monate Zivilstation, 3 Monate je Straf- und Verwaltungsstation) und es sind nur noch <strong>10 Monate bis zu den Klausuren<\/strong> (in Biefeleld oder Hamm). Zeit f\u00fcr mich genug, einmal kurz das bisher Geschehene zusammen zu fassen:<\/p>\n<p>Der erste Monat im Referendariat war f\u00fcr mich ganz ungewohnt &#8211; wie lange vermisste Oberstufenzeit. <!--more-->Es gab einen Lehrplan &#8211; den Anders\/Gehle &#8211; und einen AG-Leiter, der einen vom akademischen Turm in die juristische Praxis zur\u00fcckholte (&#8222;Meinungsstreitigkeiten sind soooo langweilig&#8220;).<\/p>\n<p>Die Monate 2-5 in der <strong>Zivilstation<\/strong> wurden nach und nach spannender. Am Anfang f\u00fchlte man sich noch leicht \u00fcberfordert (&#8222;Machen sie doch mal einen PKH-Beschluss&#8220;), mit zunehmender Zeit dauerten die Urteilsentw\u00fcrfe nicht mehr so lange und man durfte eine Verhandlung leiten.<\/p>\n<p>Die <strong>Strafstation<\/strong> in den Monaten 6 &#8211; 8 war Rechts-Action pur. Viele Sitzungsdienste, viele Klausurf\u00e4lle in der StrafrechtsAG, daneben Akten vom Ausbilder und noch Zusatzaktiv\u00e4ten (Nachtschicht bei der Polizei, Besuch der JVA Bielefeld- Brackwede). Es wurde nie langweilig; man hatte immer gut mit dem Vor- und Nachbereiten der Handakten zu tun. Am Ende der Strafstation hatte man alles gesehen und war nicht mehr so nerv\u00f6s\/hibbelig.<\/p>\n<p>In der <strong>Verwaltungsstation <\/strong>(Monate 9 &#8211; 11) setzt sich der Trend des Langweiligwerdens leider fort. Die angebotene AG ist nicht wirklich interessant (und ich mag Verwaltungsrecht eigentlich!); man hat die ganze Zeit das Gef\u00fchl, mit dem in der AG Erlernten die Klausuren niemals bestehen zu k\u00f6nnen. Die Station selbst ist auch nicht wirklich spektakul\u00e4r. Manche Einblicke in die Verwaltungspraxis sind nicht schlecht &#8211; in der \u00fcberwiegenden Zeit sitze ich aber zuhause und mache Rechtsgutachten; verschicke es per Mail und warte darauf, ob Erl\u00e4uterungsbedarf besteht. G\u00e4hn. Nix im Vergleich zur voll geladenen Strafrechtsstation und definitiv das erste Motivationsloch im Referendariat.<\/p>\n<p>Das erkl\u00e4rt auch ein bischen, warum ich die letzten Monate eher wenig geschrieben habe. Es passiert unglaublich wenig in der Verwaltungsstation. Ich habe die L\u00f6cher bereits genutzt, um einige Kaiserklausuren bzw. Klausuren aus dem <a href=\"http:\/\/www.berlin.de\/sen\/justiz\/gerichte\/kg\/ausbildung\/jur-vorb\/vorb-dienst\/\/internet_klausurenkurs_index.html\" target=\"_blank\">Berliner Onlineklausurenkurs<\/a> zu schreiben. Die <strong>Vorfreude auf die Anwaltsstation<\/strong> steigt. Dort wird es ein B\u00fcro und viel, viel, viel mehr Arbeit geben. Dann wird es auch sicherlich wieder mehr Berichte aus den Irrungen und Wirrungen des Referendariats in OWL geben.<\/p>\n","protected":false},"excerpt":{"rendered":"<p>Am Ende der Verwaltungsstation steht f\u00fcr mich im Referendariat das Bergfest an: 11 Monate der Praxisausbildung sind vor\u00fcber (5 Monate Zivilstation, 3 Monate je Straf- und Verwaltungsstation) und es sind nur noch 10 Monate bis zu den Klausuren (in Biefeleld oder Hamm). Zeit f\u00fcr mich genug, einmal kurz das bisher Geschehene zusammen zu fassen:<\/p>\n<p>Der erste Monat im Referendariat war f\u00fcr mich ganz ungewohnt &#8211; wie lange vermisste Oberstufenzeit. Es gab einen Lehrplan &#8211; den Anders\/Gehle &#8211; und einen AG-Leiter, der einen vom akademischen Turm in die juristische Praxis zur\u00fcckholte (&#8222;Meinungsstreitigkeiten sind soooo langweilig&#8220;)&#8230;<\/p>\n","protected":false},"author":26,"featured_media":0,"comment_status":"open","ping_status":"open","sticky":false,"template":"","format":"standard","meta":{"footnotes":""},"categories":[1,41],"tags":[1237,34],"class_list":["post-3134","post","type-post","status-publish","format-standard","hentry","category-allgemein","category-nrw","tag-nrw","tag-olg-hamm"],"_links":{"self":[{"href":"https:\/\/www.juristenkoffer.de\/refblog\/wp-json\/wp\/v2\/posts\/3134","targetHints":{"allow":["GET"]}}],"collection":[{"href":"https:\/\/www.juristenkoffer.de\/refblog\/wp-json\/wp\/v2\/posts"}],"about":[{"href":"https:\/\/www.juristenkoffer.de\/refblog\/wp-json\/wp\/v2\/types\/post"}],"author":[{"embeddable":true,"href":"https:\/\/www.juristenkoffer.de\/refblog\/wp-json\/wp\/v2\/users\/26"}],"replies":[{"embeddable":true,"href":"https:\/\/www.juristenkoffer.de\/refblog\/wp-json\/wp\/v2\/comments?post=3134"}],"version-history":[{"count":8,"href":"https:\/\/www.juristenkoffer.de\/refblog\/wp-json\/wp\/v2\/posts\/3134\/revisions"}],"predecessor-version":[{"id":3136,"href":"https:\/\/www.juristenkoffer.de\/refblog\/wp-json\/wp\/v2\/posts\/3134\/revisions\/3136"}],"wp:attachment":[{"href":"https:\/\/www.juristenkoffer.de\/refblog\/wp-json\/wp\/v2\/media?parent=3134"}],"wp:term":[{"taxonomy":"category","embeddable":true,"href":"https:\/\/www.juristenkoffer.de\/refblog\/wp-json\/wp\/v2\/categories?post=3134"},{"taxonomy":"post_tag","embeddable":true,"href":"https:\/\/www.juristenkoffer.de\/refblog\/wp-json\/wp\/v2\/tags?post=3134"}],"curies":[{"name":"wp","href":"https:\/\/api.w.org\/{rel}","templated":true}]}}