{"id":3077,"date":"2010-12-15T07:32:26","date_gmt":"2010-12-15T06:32:26","guid":{"rendered":"http:\/\/www.juristenkoffer.de\/refblog\/?p=3077"},"modified":"2012-01-20T16:24:33","modified_gmt":"2012-01-20T15:24:33","slug":"referendariat-in-owl-18-die-verwaltungsrechts-ag","status":"publish","type":"post","link":"https:\/\/www.juristenkoffer.de\/refblog\/verwaltungsstation\/referendariat-in-owl-18-die-verwaltungsrechts-ag\/","title":{"rendered":"Referendariat in OWL (18) &#8211; AG im Verw(alt)ungsrecht"},"content":{"rendered":"<p><img loading=\"lazy\" decoding=\"async\" class=\"alignleft\" src=\"https:\/\/www.juristenkoffer.de\/refblog\/wp-content\/uploads\/2010\/12\/abaerba.jpg\" alt=\"\" width=\"150\" height=\"145\" \/>Ich habe in der Vorbereitung auf das erste Staatsexamen immer auf zeiteffektives Lernen gesetzt: so breit gestreutes Wissen wie n\u00f6tig, so wenig Tiefe wie pr\u00fcfungstaktisch noch vertretbar.<\/p>\n<p>Aus dieser Sicht ist die <strong>Verwaltungsrechts-AG <\/strong>\u00fcberfl\u00fcssig bzw. <strong>\u00fcberhaupt nicht zeit\u00f6konomisch<\/strong>. Die Zeit k\u00f6nnte man anderweitig viel besser zum Lernen, Arbeiten oder Pflegen des Lebenslaufs verwenden. <!--more-->Da verwundert es auch nicht, dass unter Kollegen nicht \u00fcber das &#8222;spannende&#8220; Verwaltungsrecht sondern nur dar\u00fcber diskutiert wird, wie man am geschicktesten die Urlaubsregeln nutzt, um so wenig AG wie m\u00f6glich zu haben.<\/p>\n<p>Gr\u00fcnde daf\u00fcr gibt es Einige: Das f\u00e4ngt schon damit, dass man pro AG-Tag<strong> 6 Stunden Unterricht<\/strong> hat und damit 2 Stunden mehr als in der Zivilstation (das liegt am fehlenden Einf\u00fchrungslehrgang). Zus\u00e4tzlich muss man noch 1 Stunde Zeit je Fahrt einkalkulieren, weil die AG im Geb\u00e4ude des Regierungsbezirks in Detmold stattfindet. Insgesamt verliert man so einen kompletten Wochentag (man ist erst um 17 Uhr wieder zur\u00fcck). Der Nutzen ist demgegen\u00fcber gering. Die bereitgestellten <strong>Klausuren und Aktenvortr\u00e4ge<\/strong> sind im Vergleich zur Straf- und ZivilAG <strong>uralt<\/strong>. Es wimmelt in den Sachverhalten von Oberkreisdirektoren und oft soll die Statthaftigkeit eines Widerspruchs (entgegen der aktuellen Gesetzeslage!) unterstellt werden. Praktisches Arbeiten sieht da aus meiner Sicht anders aus.<\/p>\n<p>Am \u00e4rgerlichsten finde ich es aber, dass die Verwaltungs-AG leider nicht so motivierende Ausbilder hat, wie das noch in der Straf- bzw. Zivil-AG der Fall war. W\u00e4hrend hier noch junge Richter und Staatsanw\u00e4lte ihr Referendariat gut in Erinnerung haben, wird die VerwaltungsAG von zwei erfahrenen Beamten des Regierungsbezirks geleitet, die sich allenfalls noch rudiment\u00e4r an die Referendarszeit erinnern k\u00f6nnen. Fachlich m\u00f6gen diese ihr jeweiliges Aufgabengebiet durchaus beherrschen. Was mir so ein bischen fehlt, ist die Orientierung auf das f\u00fcr das Assessorexamen Notwendige. Es gibt keine \u00dcbersichten. Selbst die L\u00f6sungen f\u00fcr die Aktenvortr\u00e4ge werden nicht ausgeteilt. Aus meiner Erfahrung nach der H\u00e4lfte der AG -Termine muss ich sagen, dass die AG mich kaum auf das Assessorexamen vorbereitet.<\/p>\n<p>Das ist ein hartes Urteil und soll auch nicht die AG-Leiter treffen. Es liegt wohl im System der Verwaltungs-AG begr\u00fcndet, deren<strong> Programm sich wohl\u00a0 seit den 70er-Jahren nicht ge\u00e4ndert haben d\u00fcrfte<\/strong>. Warum wird die H\u00e4lfte der Zeit in der Arbeitsgemeinschaft das Beamtenrecht besprochen? Das macht weder klausurtaktisch Sinn, weil andere Pr\u00fcfungsgebiete sicher pr\u00fcfungsrelevanter seien d\u00fcrften. Auch inhaltlich d\u00fcrften die wenigsten Referendare\u00a0 Verwendung f\u00fcr Beamtenrecht haben, weil die Stellen f\u00fcr Verwaltungsjuristen erfahrungsgem\u00e4\u00df selten sind. Insofern verwundert es, dass die Repetitoren nicht Zettel vor dem Regierungspr\u00e4sidium f\u00fcr ihre Kurse verteilen. Angesichts des Zustands der Verwaltungsrechts-AG h\u00e4tten sie sicherlich ein leichtes Spiel beim Verkauf von Kursen.<\/p>\n<p>Schade eigentlich, weil man heute in 3 Monaten so viel f\u00fcr seinen Lebenslauf h\u00e4tte tun k\u00f6nnen. W\u00e4re ich mal ins Ausland gegangen. Oder wenigstens so weit weg, dass ich mich von der AG h\u00e4tte beurlauben lassen k\u00f6nnen&#8230;<\/p>\n","protected":false},"excerpt":{"rendered":"<p>Ich habe in der Vorbereitung auf das erste Staatsexamen immer auf zeiteffektives Lernen gesetzt: so breit gestreutes Wissen wie n\u00f6tig, so wenig Tiefe wie pr\u00fcfungstaktisch noch vertretbar. Aus dieser Sicht ist die Verwaltungsrechts-AG \u00fcberfl\u00fcssig bzw. \u00fcberhaupt nicht zeit\u00f6konomisch. Die Zeit k\u00f6nnte man anderweitig viel besser zum Lernen, Arbeiten oder Pflegen des Lebenslaufs verwenden.<\/p>\n","protected":false},"author":26,"featured_media":0,"comment_status":"open","ping_status":"open","sticky":false,"template":"","format":"standard","meta":{"footnotes":""},"categories":[41,5],"tags":[1237,34,52,1232],"class_list":["post-3077","post","type-post","status-publish","format-standard","hentry","category-nrw","category-verwaltungsstation","tag-nrw","tag-olg-hamm","tag-verwaltungsrecht","tag-verwaltungsstation"],"_links":{"self":[{"href":"https:\/\/www.juristenkoffer.de\/refblog\/wp-json\/wp\/v2\/posts\/3077","targetHints":{"allow":["GET"]}}],"collection":[{"href":"https:\/\/www.juristenkoffer.de\/refblog\/wp-json\/wp\/v2\/posts"}],"about":[{"href":"https:\/\/www.juristenkoffer.de\/refblog\/wp-json\/wp\/v2\/types\/post"}],"author":[{"embeddable":true,"href":"https:\/\/www.juristenkoffer.de\/refblog\/wp-json\/wp\/v2\/users\/26"}],"replies":[{"embeddable":true,"href":"https:\/\/www.juristenkoffer.de\/refblog\/wp-json\/wp\/v2\/comments?post=3077"}],"version-history":[{"count":7,"href":"https:\/\/www.juristenkoffer.de\/refblog\/wp-json\/wp\/v2\/posts\/3077\/revisions"}],"predecessor-version":[{"id":3079,"href":"https:\/\/www.juristenkoffer.de\/refblog\/wp-json\/wp\/v2\/posts\/3077\/revisions\/3079"}],"wp:attachment":[{"href":"https:\/\/www.juristenkoffer.de\/refblog\/wp-json\/wp\/v2\/media?parent=3077"}],"wp:term":[{"taxonomy":"category","embeddable":true,"href":"https:\/\/www.juristenkoffer.de\/refblog\/wp-json\/wp\/v2\/categories?post=3077"},{"taxonomy":"post_tag","embeddable":true,"href":"https:\/\/www.juristenkoffer.de\/refblog\/wp-json\/wp\/v2\/tags?post=3077"}],"curies":[{"name":"wp","href":"https:\/\/api.w.org\/{rel}","templated":true}]}}