{"id":2895,"date":"2010-11-12T07:02:51","date_gmt":"2010-11-12T05:02:51","guid":{"rendered":"http:\/\/www.juristenkoffer.de\/refblog\/?p=2895"},"modified":"2010-11-28T14:19:30","modified_gmt":"2010-11-28T12:19:30","slug":"und-noch-ein-blog-auch-zum-rechtsreferendariat","status":"publish","type":"post","link":"https:\/\/www.juristenkoffer.de\/refblog\/allgemein\/und-noch-ein-blog-auch-zum-rechtsreferendariat\/","title":{"rendered":"\u2026und ein weiteres Blog zum Rechtsreferendariat"},"content":{"rendered":"<p><img loading=\"lazy\" decoding=\"async\" class=\"alignleft size-full wp-image-2948\" src=\"https:\/\/www.juristenkoffer.de\/refblog\/wp-content\/uploads\/2010\/12\/bn\u00f6ib\u00f61.jpg\" alt=\"\" width=\"150\" height=\"144\" \/>Mit &#8222;<a href=\"http:\/\/mindcinema.blogspot.com\/search\/label\/Jura%2FReferendaralltag\" target=\"_blank\">cinema in my mind<\/a>&#8220; gibt es eine weitere Referendarin, die\u00a0nicht nur aber auch \u00fcber ihre Erlebnisse im Referendariat schreibt. Die Bloggerin ist erst im M\u00e4rz 2010 ins Referendariat gestartet, was noch viele\u00a0interessante Eintr\u00e4ge erwarten l\u00e4sst.<\/p>\n<p>Empfehlen k\u00f6nnen wir euch aber nicht nur die Kategorie &#8222;Referendaralltag&#8220;, auch die anderen Eintr\u00e4ge sind lesenswert und unterhaltsam!<\/p>\n","protected":false},"excerpt":{"rendered":"<p>Mit &#8222;cinema in my mind&#8220; gibt es eine weitere Referendarin, die\u00a0nicht nur aber auch \u00fcber ihre Erlebnisse im Referendariat schreibt. Die Bloggerin ist erst im M\u00e4rz 2010 ins Referendariat gestartet, was noch viele\u00a0interessante Eintr\u00e4ge erwarten l\u00e4sst. Empfehlen k\u00f6nnen wir euch aber nicht nur die Kategorie &#8222;Referendaralltag&#8220;, auch die anderen Eintr\u00e4ge sind lesenswert und unterhaltsam!<\/p>\n","protected":false},"author":2,"featured_media":0,"comment_status":"open","ping_status":"open","sticky":false,"template":"","format":"standard","meta":{"footnotes":""},"categories":[1],"tags":[687,656,84],"class_list":["post-2895","post","type-post","status-publish","format-standard","hentry","category-allgemein","tag-blog","tag-rechtsreferendariat","tag-referendarblogs"],"_links":{"self":[{"href":"https:\/\/www.juristenkoffer.de\/refblog\/wp-json\/wp\/v2\/posts\/2895","targetHints":{"allow":["GET"]}}],"collection":[{"href":"https:\/\/www.juristenkoffer.de\/refblog\/wp-json\/wp\/v2\/posts"}],"about":[{"href":"https:\/\/www.juristenkoffer.de\/refblog\/wp-json\/wp\/v2\/types\/post"}],"author":[{"embeddable":true,"href":"https:\/\/www.juristenkoffer.de\/refblog\/wp-json\/wp\/v2\/users\/2"}],"replies":[{"embeddable":true,"href":"https:\/\/www.juristenkoffer.de\/refblog\/wp-json\/wp\/v2\/comments?post=2895"}],"version-history":[{"count":7,"href":"https:\/\/www.juristenkoffer.de\/refblog\/wp-json\/wp\/v2\/posts\/2895\/revisions"}],"predecessor-version":[{"id":2945,"href":"https:\/\/www.juristenkoffer.de\/refblog\/wp-json\/wp\/v2\/posts\/2895\/revisions\/2945"}],"wp:attachment":[{"href":"https:\/\/www.juristenkoffer.de\/refblog\/wp-json\/wp\/v2\/media?parent=2895"}],"wp:term":[{"taxonomy":"category","embeddable":true,"href":"https:\/\/www.juristenkoffer.de\/refblog\/wp-json\/wp\/v2\/categories?post=2895"},{"taxonomy":"post_tag","embeddable":true,"href":"https:\/\/www.juristenkoffer.de\/refblog\/wp-json\/wp\/v2\/tags?post=2895"}],"curies":[{"name":"wp","href":"https:\/\/api.w.org\/{rel}","templated":true}]}}