{"id":2607,"date":"2010-09-13T09:11:12","date_gmt":"2010-09-13T07:11:12","guid":{"rendered":"http:\/\/www.juristenkoffer.de\/refblog\/?p=2607"},"modified":"2010-10-23T13:09:41","modified_gmt":"2010-10-23T11:09:41","slug":"68-deutscher-juristentag","status":"publish","type":"post","link":"https:\/\/www.juristenkoffer.de\/refblog\/allgemein\/68-deutscher-juristentag\/","title":{"rendered":"68. Deutscher Juristentag"},"content":{"rendered":"<p>Vom 21. bis 24. September 2010 findet der 68. Deutsche Juristentag in Berlin statt, damit feiert dieser sogar sein 150-j\u00e4hriges Bestehen.\u00a0 Im vielf\u00e4ltigen <a href=\"http:\/\/www.djt.de\/de\/fachprogramm-68\" target=\"_blank\">Fachprogramm<\/a> finden sich neben aktuellen juristischen Themen und Fragestellungen auch Veranstaltungen f\u00fcr Studenten und Rechtsreferendare.<\/p>\n<p>Am 21. 09.\u00a0 findet um 12:00 Uhr im Maritim Hotel eine von ELSA organisierte Einf\u00fchrungsveranstaltung statt, bei der die Teilnehmer auch die Gelegenheit haben, sich bei einem Snack kennen zu lernen. <!--more-->Der Pr\u00e4sident des OLG Celle Dr. Peter G\u00f6tz von Olenhusen wird \u00fcber Geschichte, Bedeutung und Ablauf des Deutschen Juristentages informieren. Am Folgetag, dem 22. 09. stehen von 17:00 bis 18:00 Uhr alle Abteilungsvorst\u00e4nde f\u00fcr Fragen der Referendare zur Verf\u00fcgung. Um teilnehmen zu k\u00f6nnen zahlen Referendare, sofern sie nicht Mitglied des djt sind, 60 \u20ac, Mitglieder zahlen 30 \u20ac.<\/p>\n<p>Weiterhin gibt es ein interessantes <a href=\"http:\/\/www.djt.de\/index.php?page=212&amp;gr=26#p105\" target=\"_blank\">Rahmenprogramm<\/a>, hier kann man verschiedene Geb\u00e4ude Berlins besichtigen, beispielsweise Gerichtsgeb\u00e4ude, Botschaften oder Regierungsgeb\u00e4ude. Hinweisen m\u00f6chte ich auch auf die Abendveranstaltungen: &#8222;<a href=\"http:\/\/www.lawandorder-somedrinks.com\/html\/event.html\" target=\"_blank\">Law an order&#8230;some drinks<\/a>&#8220; nennt sich eine der Partys, sie findet am 22.09. im Postbahnhof statt. Referendare zahlen 6 \u20ac Eintritt im Vorverkauf.<\/p>\n","protected":false},"excerpt":{"rendered":"<p>Vom 21. bis 24. September 2010 findet der 68. Deutsche Juristentag in Berlin statt, damit feiert dieser sogar sein 150-j\u00e4hriges Bestehen.\u00a0 Im vielf\u00e4ltigen Fachprogramm finden sich neben aktuellen juristischen Themen und Fragestellungen auch Veranstaltungen f\u00fcr Studenten und Rechtsreferendare. Am 21. 09.\u00a0 findet um 12:00 Uhr im Maritim Hotel eine von ELSA organisierte Einf\u00fchrungsveranstaltung statt, bei [&hellip;]<\/p>\n","protected":false},"author":3,"featured_media":0,"comment_status":"open","ping_status":"open","sticky":false,"template":"","format":"standard","meta":{"footnotes":""},"categories":[1,117],"tags":[661,663,662],"class_list":["post-2607","post","type-post","status-publish","format-standard","hentry","category-allgemein","category-berlin","tag-deutscher-juristentag","tag-djt","tag-elsa"],"_links":{"self":[{"href":"https:\/\/www.juristenkoffer.de\/refblog\/wp-json\/wp\/v2\/posts\/2607","targetHints":{"allow":["GET"]}}],"collection":[{"href":"https:\/\/www.juristenkoffer.de\/refblog\/wp-json\/wp\/v2\/posts"}],"about":[{"href":"https:\/\/www.juristenkoffer.de\/refblog\/wp-json\/wp\/v2\/types\/post"}],"author":[{"embeddable":true,"href":"https:\/\/www.juristenkoffer.de\/refblog\/wp-json\/wp\/v2\/users\/3"}],"replies":[{"embeddable":true,"href":"https:\/\/www.juristenkoffer.de\/refblog\/wp-json\/wp\/v2\/comments?post=2607"}],"version-history":[{"count":5,"href":"https:\/\/www.juristenkoffer.de\/refblog\/wp-json\/wp\/v2\/posts\/2607\/revisions"}],"predecessor-version":[{"id":2782,"href":"https:\/\/www.juristenkoffer.de\/refblog\/wp-json\/wp\/v2\/posts\/2607\/revisions\/2782"}],"wp:attachment":[{"href":"https:\/\/www.juristenkoffer.de\/refblog\/wp-json\/wp\/v2\/media?parent=2607"}],"wp:term":[{"taxonomy":"category","embeddable":true,"href":"https:\/\/www.juristenkoffer.de\/refblog\/wp-json\/wp\/v2\/categories?post=2607"},{"taxonomy":"post_tag","embeddable":true,"href":"https:\/\/www.juristenkoffer.de\/refblog\/wp-json\/wp\/v2\/tags?post=2607"}],"curies":[{"name":"wp","href":"https:\/\/api.w.org\/{rel}","templated":true}]}}