{"id":2560,"date":"2010-09-01T10:51:11","date_gmt":"2010-09-01T08:51:11","guid":{"rendered":"http:\/\/www.juristenkoffer.de\/refblog\/?p=2560"},"modified":"2010-10-23T13:15:30","modified_gmt":"2010-10-23T11:15:30","slug":"gpa-bezirk-keine-kautelarklausuren-bis-mitte-2012","status":"publish","type":"post","link":"https:\/\/www.juristenkoffer.de\/refblog\/hamburg\/gpa-bezirk-keine-kautelarklausuren-bis-mitte-2012\/","title":{"rendered":"GPA-Bezirk: Keine Kautelarklausuren bis Mitte 2012"},"content":{"rendered":"<p>Im Mai fand die Jahreskonferenz der Pr\u00fcfungsamtspr\u00e4sidenten statt. Eines der wichtigen Themen war dort die Frage, ob bzw. wann die L\u00e4nder &#8211; m\u00f6glicherweise sogar einheitlich &#8211;\u00a0mit der <a href=\"https:\/\/www.juristenkoffer.de\/refblog\/hamburg\/aufsichtsarbeiten-mit-rechtsgestaltendem-schwerpunkt\/\">Einf\u00fchrung von Klausuren mit rechtsgestaltendem Schwerpunkt<\/a> beginnen. Bislang sind die L\u00e4nder in dieser Hinsicht eher zur\u00fcckhaltend. Obwohl schon seit mehreren Jahren \u00fcber diesen Klausurtyp gesprochen wird und dieser auch schon &#8211; zumindest am Rande &#8211; Bestandteil der Referendarausbildung ist, stellen momentan nur Niedersachsen und Bayern regelm\u00e4\u00dfig Kautelarklausuren.<\/p>\n<p>Die Pr\u00e4sidentin des Gemeinsamen Pr\u00fcfungsamtes der L\u00e4nder Bremen, Hamburg und Schleswig-Holstein hat nun \u00fcber die <a href=\"http:\/\/referendarrat-sh.de\/picture\/upload\/kautelar.pdf\" target=\"_blank\">Ergebnisse der Konferenz <\/a>berichtet. <!--more-->Danach bleiben die L\u00e4nder auch zuk\u00fcnftig sehr zur\u00fcckhaltend, was die Einf\u00fchrung derartiger rechtsgestaltender Klausuren betrifft. Deshalb hat sich das GPA dazu entschlossen, ebenfalls auf diese Form der Klausur im zweiten Examen zu verzichten. Diese Entscheidung gilt f\u00fcr alle Pr\u00fcfungsdurchg\u00e4nge im Jahr 2011 sowie f\u00fcr die Pr\u00fcfungen im Februar, April und Juni 2012.<\/p>\n","protected":false},"excerpt":{"rendered":"<p>Im Mai fand die Jahreskonferenz der Pr\u00fcfungsamtspr\u00e4sidenten statt. Eines der wichtigen Themen war dort die Frage, ob bzw. wann die L\u00e4nder &#8211; m\u00f6glicherweise sogar einheitlich &#8211;\u00a0mit der <a href=\"https:\/\/www.juristenkoffer.de\/refblog\/hamburg\/aufsichtsarbeiten-mit-rechtsgestaltendem-schwerpunkt\/\">Einf\u00fchrung von Klausuren mit rechtsgestaltendem Schwerpunkt<\/a> beginnen. Bislang sind die L\u00e4nder in dieser Hinsicht eher zur\u00fcckhaltend. Obwohl schon seit mehreren Jahren \u00fcber diesen Klausurtyp gesprochen wird und dieser auch schon &#8211; zumindest am Rande &#8211; Bestandteil der Referendarausbildung ist, stellen momentan nur Niedersachsen und Bayern regelm\u00e4\u00dfig Kautelarklausuren.<\/p>\n<p>Die Pr\u00e4sidentin des Gemeinsamen Pr\u00fcfungsamtes der L\u00e4nder Bremen, Hamburg und Schleswig-Holstein hat nun \u00fcber die <a href=\"http:\/\/referendarrat-sh.de\/picture\/upload\/kautelar.pdf\" target=\"_blank\">Ergebnisse der Konferenz <\/a>berichtet&#8230;<\/p>\n","protected":false},"author":2,"featured_media":0,"comment_status":"open","ping_status":"open","sticky":false,"template":"","format":"standard","meta":{"footnotes":""},"categories":[44,16,45,51],"tags":[649,181,559],"class_list":["post-2560","post","type-post","status-publish","format-standard","hentry","category-bremen","category-hamburg","category-schleswig-holstein","category-examen","tag-gpa-bezirk","tag-kautelarklausur","tag-rechtsgestaltende-klausuren"],"_links":{"self":[{"href":"https:\/\/www.juristenkoffer.de\/refblog\/wp-json\/wp\/v2\/posts\/2560","targetHints":{"allow":["GET"]}}],"collection":[{"href":"https:\/\/www.juristenkoffer.de\/refblog\/wp-json\/wp\/v2\/posts"}],"about":[{"href":"https:\/\/www.juristenkoffer.de\/refblog\/wp-json\/wp\/v2\/types\/post"}],"author":[{"embeddable":true,"href":"https:\/\/www.juristenkoffer.de\/refblog\/wp-json\/wp\/v2\/users\/2"}],"replies":[{"embeddable":true,"href":"https:\/\/www.juristenkoffer.de\/refblog\/wp-json\/wp\/v2\/comments?post=2560"}],"version-history":[{"count":6,"href":"https:\/\/www.juristenkoffer.de\/refblog\/wp-json\/wp\/v2\/posts\/2560\/revisions"}],"predecessor-version":[{"id":2562,"href":"https:\/\/www.juristenkoffer.de\/refblog\/wp-json\/wp\/v2\/posts\/2560\/revisions\/2562"}],"wp:attachment":[{"href":"https:\/\/www.juristenkoffer.de\/refblog\/wp-json\/wp\/v2\/media?parent=2560"}],"wp:term":[{"taxonomy":"category","embeddable":true,"href":"https:\/\/www.juristenkoffer.de\/refblog\/wp-json\/wp\/v2\/categories?post=2560"},{"taxonomy":"post_tag","embeddable":true,"href":"https:\/\/www.juristenkoffer.de\/refblog\/wp-json\/wp\/v2\/tags?post=2560"}],"curies":[{"name":"wp","href":"https:\/\/api.w.org\/{rel}","templated":true}]}}