{"id":2468,"date":"2012-09-21T11:11:34","date_gmt":"2012-09-21T09:11:34","guid":{"rendered":"http:\/\/www.juristenkoffer.de\/refblog\/?p=2468"},"modified":"2012-09-21T12:01:28","modified_gmt":"2012-09-21T10:01:28","slug":"wahlstation-rechtsinformatik","status":"publish","type":"post","link":"https:\/\/www.juristenkoffer.de\/refblog\/wahlstation\/wahlstation-rechtsinformatik\/","title":{"rendered":"Wahlstation: Rechtsinformatik"},"content":{"rendered":"<p><img loading=\"lazy\" decoding=\"async\" class=\"alignleft size-full wp-image-6432\" title=\"\" src=\"https:\/\/www.juristenkoffer.de\/refblog\/wp-content\/uploads\/2010\/08\/ewvev1.png\" alt=\"\" width=\"150\" height=\"150\" \/>Zum klassischen Ausbildungsinhalt des Referendariats geh\u00f6rt die Rechtsinformatik nicht. Allenfalls w\u00e4hrend der Anwaltsstation hat man eventuell Kontakt mit der Unterst\u00fctzung durch elektronische Datenverarbeitung. Und gerade im Anwaltsberuf sind die verschiedenen Multimedialangebote nicht wegzudenken. Daher hei\u00dft es dann nach dem Ref &#8222;learning by doing&#8220;. Nicht so im Saarland: Hier gibt es das <a href=\"http:\/\/www.rechtsinformatik.de\/pages\/wahlstation.php\" target=\"_blank\">Institut f\u00fcr Rechtsinformatik<\/a> an der Universit\u00e4t des Saarlandes.<!--more--> Das Institut bietet die M\u00f6glichkeit, die Wahlstation hier zu absolvieren. Der Ausbildungsplan ist <a href=\"http:\/\/www.rechtsinformatik.de\/media\/doc\/Ausbildungsplan.pdf\" target=\"_blank\">hier<\/a> abrufbar. <!--more--><\/p>\n<p>Im Saarland und mittlerweile auch in weiteren Bundesl\u00e4ndern ist das Institut anerkannt als Ausbildungsstelle. Also auch Referendare, die nicht das Referendariat in Saarbr\u00fccken absolvieren, k\u00f6nnen sich bewerben, sollten aber vorher die Situation in ihrem Bundesland \u00fcberpr\u00fcfen.<\/p>\n<p>Auch in Hannover gibt es ein <a href=\"http:\/\/www.iri.uni-hannover.de\/home.html\" target=\"_blank\">Institut f\u00fcr Rechtsinformatik an der Leibniz Universit\u00e4t<\/a>. Angebote f\u00fcr Referendare konnte ich hier jedoch nicht finden.<\/p>\n","protected":false},"excerpt":{"rendered":"<p>Zum klassischen Ausbildungsinhalt des Referendariats geh\u00f6rt die Rechtsinformatik nicht. Allenfalls w\u00e4hrend der Anwaltsstation hat man eventuell Kontakt mit der Unterst\u00fctzung durch elektronische Datenverarbeitung. Und gerade im Anwaltsberuf sind die verschiedenen Multimedialangebote nicht wegzudenken. Daher hei\u00dft es dann nach dem Ref &#8222;learning by doing&#8220;. Nicht so im Saarland: Hier gibt es das Institut f\u00fcr Rechtsinformatik an [&hellip;]<\/p>\n","protected":false},"author":3,"featured_media":0,"comment_status":"open","ping_status":"open","sticky":false,"template":"","format":"standard","meta":{"footnotes":""},"categories":[264,7],"tags":[636,634,635,1233],"class_list":["post-2468","post","type-post","status-publish","format-standard","hentry","category-saarland","category-wahlstation","tag-institut-fuer-rechtsinformatik","tag-rechtsinformatik","tag-saarbruecken","tag-wahlstation"],"_links":{"self":[{"href":"https:\/\/www.juristenkoffer.de\/refblog\/wp-json\/wp\/v2\/posts\/2468","targetHints":{"allow":["GET"]}}],"collection":[{"href":"https:\/\/www.juristenkoffer.de\/refblog\/wp-json\/wp\/v2\/posts"}],"about":[{"href":"https:\/\/www.juristenkoffer.de\/refblog\/wp-json\/wp\/v2\/types\/post"}],"author":[{"embeddable":true,"href":"https:\/\/www.juristenkoffer.de\/refblog\/wp-json\/wp\/v2\/users\/3"}],"replies":[{"embeddable":true,"href":"https:\/\/www.juristenkoffer.de\/refblog\/wp-json\/wp\/v2\/comments?post=2468"}],"version-history":[{"count":8,"href":"https:\/\/www.juristenkoffer.de\/refblog\/wp-json\/wp\/v2\/posts\/2468\/revisions"}],"predecessor-version":[{"id":6450,"href":"https:\/\/www.juristenkoffer.de\/refblog\/wp-json\/wp\/v2\/posts\/2468\/revisions\/6450"}],"wp:attachment":[{"href":"https:\/\/www.juristenkoffer.de\/refblog\/wp-json\/wp\/v2\/media?parent=2468"}],"wp:term":[{"taxonomy":"category","embeddable":true,"href":"https:\/\/www.juristenkoffer.de\/refblog\/wp-json\/wp\/v2\/categories?post=2468"},{"taxonomy":"post_tag","embeddable":true,"href":"https:\/\/www.juristenkoffer.de\/refblog\/wp-json\/wp\/v2\/tags?post=2468"}],"curies":[{"name":"wp","href":"https:\/\/api.w.org\/{rel}","templated":true}]}}