{"id":2452,"date":"2010-07-23T08:11:50","date_gmt":"2010-07-23T06:11:50","guid":{"rendered":"http:\/\/www.juristenkoffer.de\/refblog\/?p=2452"},"modified":"2010-10-23T13:35:33","modified_gmt":"2010-10-23T11:35:33","slug":"der-trend-vom-altehrwuerdigen-gerichtsgebaeude-zum-justizzentrum","status":"publish","type":"post","link":"https:\/\/www.juristenkoffer.de\/refblog\/allgemein\/der-trend-vom-altehrwuerdigen-gerichtsgebaeude-zum-justizzentrum\/","title":{"rendered":"Der Trend vom altehrw\u00fcrdigen Gerichtsgeb\u00e4ude zum Justizzentrum"},"content":{"rendered":"<p style=\"text-align: justify;\"><a href=\"https:\/\/www.juristenkoffer.de\/refblog\/wp-content\/uploads\/2010\/07\/D\u00fcsseldorf_Justizzentrum_Front_Links.jpg\"><img loading=\"lazy\" decoding=\"async\" class=\"alignleft\" title=\"D\u00fcsseldorf_Justizzentrum_Front_Links\" src=\"https:\/\/www.juristenkoffer.de\/refblog\/wp-content\/uploads\/2010\/07\/D\u00fcsseldorf_Justizzentrum_Front_Links-150x150.jpg\" alt=\"\" width=\"150\" height=\"162\" \/><\/a>In letzter\u00a0 Zeit f\u00e4llt auf, dass in immer mehr St\u00e4dten in Deutschland sogenannte &#8222;Justizzentren&#8220; gebaut werden. Dort werden dann die verschiedenen Gerichtsbarkeiten untergebracht und sozusagen geb\u00fcndelt.<\/p>\n<p style=\"text-align: justify;\">Bereits seit M\u00e4rz 2010 gibt es das Justizzentrum D\u00fcsseldorf in dem Land- und Amtsgericht D\u00fcsseldorf sowie die Gerichtskasse D\u00fcsseldorf untergebracht sind. Es handelt sich um einen Neubau in Oberbilk (siehe Bild). <!--more-->Zuvor war das Landgericht und Teile des Amtsgerichts in einem historischen Geb\u00e4ude der D\u00fcsseldorfer Innenstadt untergebracht.<\/p>\n<p style=\"text-align: justify;\">Auch in Bochum ist ein Justizzentrum in Planung, welches Landgericht, Amtsgericht, Arbeitsgericht, Staatsanwaltschaft und Bew\u00e4hrungshilfe beherbergen soll und ca. 100 Mio \u20ac kosten wird. Insgesamt handelt es sich um eine Fl\u00e4che von rund 40.000 qm.<\/p>\n<p style=\"text-align: justify;\">Eindeutig geht der Trend also in Richtung Unterbringung einer Vielzahl von Gerichten in einem Neubau. Derzeit sind die <a href=\"https:\/\/www.juristenkoffer.de\/refblog\/wp-content\/uploads\/2010\/07\/800px-Amts_Landgericht_Wiesbaden.jpg\"><img loading=\"lazy\" decoding=\"async\" class=\"alignleft\" title=\"800px-Amts_Landgericht_Wiesbaden\" src=\"https:\/\/www.juristenkoffer.de\/refblog\/wp-content\/uploads\/2010\/07\/800px-Amts_Landgericht_Wiesbaden-150x150.jpg\" alt=\"\" width=\"150\" height=\"150\" \/><\/a>Gerichte meist noch in historischen Geb\u00e4uden untergebracht, welche oft vor dem 19. Jahrhundert errichtet wurden, wobei oft die repr\u00e4sentative und Ehrfurcht einfl\u00f6\u00dfende Seite der Gerichte im Bau hervorgebracht wurde.<\/p>\n<p style=\"text-align: justify;\">Ein krasses Beispiel f\u00fcr den neuen Trend ist das Landgericht Wiesbaden. Urspr\u00fcnglich in einem 1879 errichteten Geb\u00e4ude im Stile der Fr\u00fchrenaissance untergebracht, findet es sich heute im Justizzentrum Wiesbaden zusammen mit ALLEN anderen Wiesbadener Gerichten wieder. Ein Bildbeitrag hierzu ist an dieser Stelle nicht n\u00f6tig, da es sich quasi um das Justizzentrum auf dem Bild oben rechts mit wei\u00dfer Fassade handelt! \ud83d\ude09<\/p>\n<p style=\"text-align: justify;\"><a href=\"https:\/\/www.juristenkoffer.de\/refblog\/wp-content\/uploads\/2010\/07\/800px-Meiningen-Justizzentrum.jpg\"><img loading=\"lazy\" decoding=\"async\" class=\"alignright\" title=\"800px-Meiningen-Justizzentrum\" src=\"https:\/\/www.juristenkoffer.de\/refblog\/wp-content\/uploads\/2010\/07\/800px-Meiningen-Justizzentrum-150x150.jpg\" alt=\"\" width=\"150\" height=\"150\" \/><\/a>Immerhin einen kleinen Schritt in die meiner Meinung nach richtige Richtung ging der Bau des Justizzentrums Meiningen in Th\u00fcringen: Es handelt sich um ein Ensemble aus Neubauten und einem denkmalgesch\u00fctzten Hauptgeb\u00e4ude. Angesiedelt sind dort Landgericht, Amtsgericht, Verwaltungsgericht und Sozialgericht.<\/p>\n<p style=\"text-align: justify;\">Man wird sehen, was die Zukunft bringt und wann der Trend zum historischen Gerichtsgeb\u00e4ude wieder in Deutschland Einzug h\u00e4lt. Momentan werden offensichtlich die Gesichtspunkte der Optimierung durch Zusammenlegung verschiedener Gerichte und energetische Effizienz in den Vordergrund ger\u00fcckt. Interessant zu wissen w\u00e4re, wie die Geb\u00e4ude nach dem Auszug genutzt werden, ein Wohnheim f\u00fcr Referendare w\u00e4re doch mal was Neues! \ud83d\ude42<\/p>\n<p style=\"text-align: justify;\">Quellen: Bild 1: Urheber: Ralf Huels, Bild 2: Urheber: Stefan Wolf, Bild 3: Urheber: Michael Benz<\/p>\n","protected":false},"excerpt":{"rendered":"<p>In letzter\u00a0 Zeit f\u00e4llt auf, dass in immer mehr St\u00e4dten in Deutschland sogenannte &#8222;Justizzentren&#8220; gebaut werden. Dort werden dann die verschiedenen Gerichtsbarkeiten untergebracht und sozusagen geb\u00fcndelt. Bereits seit M\u00e4rz 2010 gibt es das Justizzentrum D\u00fcsseldorf in dem Land- und Amtsgericht D\u00fcsseldorf sowie die Gerichtskasse D\u00fcsseldorf untergebracht sind. Es handelt sich um einen Neubau in Oberbilk [&hellip;]<\/p>\n","protected":false},"author":3,"featured_media":0,"comment_status":"open","ping_status":"open","sticky":false,"template":"","format":"standard","meta":{"footnotes":""},"categories":[1],"tags":[637,638],"class_list":["post-2452","post","type-post","status-publish","format-standard","hentry","category-allgemein","tag-gerichtsgebaeude","tag-justizzentrum"],"_links":{"self":[{"href":"https:\/\/www.juristenkoffer.de\/refblog\/wp-json\/wp\/v2\/posts\/2452","targetHints":{"allow":["GET"]}}],"collection":[{"href":"https:\/\/www.juristenkoffer.de\/refblog\/wp-json\/wp\/v2\/posts"}],"about":[{"href":"https:\/\/www.juristenkoffer.de\/refblog\/wp-json\/wp\/v2\/types\/post"}],"author":[{"embeddable":true,"href":"https:\/\/www.juristenkoffer.de\/refblog\/wp-json\/wp\/v2\/users\/3"}],"replies":[{"embeddable":true,"href":"https:\/\/www.juristenkoffer.de\/refblog\/wp-json\/wp\/v2\/comments?post=2452"}],"version-history":[{"count":21,"href":"https:\/\/www.juristenkoffer.de\/refblog\/wp-json\/wp\/v2\/posts\/2452\/revisions"}],"predecessor-version":[{"id":2466,"href":"https:\/\/www.juristenkoffer.de\/refblog\/wp-json\/wp\/v2\/posts\/2452\/revisions\/2466"}],"wp:attachment":[{"href":"https:\/\/www.juristenkoffer.de\/refblog\/wp-json\/wp\/v2\/media?parent=2452"}],"wp:term":[{"taxonomy":"category","embeddable":true,"href":"https:\/\/www.juristenkoffer.de\/refblog\/wp-json\/wp\/v2\/categories?post=2452"},{"taxonomy":"post_tag","embeddable":true,"href":"https:\/\/www.juristenkoffer.de\/refblog\/wp-json\/wp\/v2\/tags?post=2452"}],"curies":[{"name":"wp","href":"https:\/\/api.w.org\/{rel}","templated":true}]}}