{"id":2439,"date":"2010-07-13T08:10:18","date_gmt":"2010-07-13T06:10:18","guid":{"rendered":"http:\/\/www.juristenkoffer.de\/refblog\/?p=2439"},"modified":"2016-03-04T19:44:33","modified_gmt":"2016-03-04T17:44:33","slug":"woche-der-justiz-in-baden-wuerttemberg","status":"publish","type":"post","link":"https:\/\/www.juristenkoffer.de\/refblog\/allgemein\/woche-der-justiz-in-baden-wuerttemberg\/","title":{"rendered":"Woche der Justiz in Baden-W\u00fcrttemberg"},"content":{"rendered":"<p>Im Land Baden-W\u00fcrttemberg \u00f6ffnen f\u00fcr diese Woche (12.-17.07.2010) Gerichte und Justizvollzugsanstalten die T\u00fcren f\u00fcr Jedermann und bieten ein interessantes und vielf\u00e4ltiges Programm. Es finden Veranstaltungen, kommentierten Verhandlungen, Ausstellungen und Vortr\u00e4gen \u00fcber aktuelle justiz- und rechtspolitische Themen statt. Nat\u00fcrlich richtet sich das Ganze vor allem an &#8222;juristisch nicht vorbelastete Mitmenschen&#8220; aber auch f\u00fcr angehende Referendare und diejenigen, die gerade mit dem Referendariat angefangen haben, sind sicherlich interessante Sachen dabei. <!--more--><\/p>\n<p>Die Gesamt\u00fcbersicht \u00fcber alle stattfindenden Veranstaltungen gibt es <a href=\"http:\/\/www.jum.baden-wuerttemberg.de\/servlet\/PB\/show\/1256562\/WdJ%202010%20Veranstaltungsuebersicht%20Stand%20807.pdf\" target=\"_blank\">hier<\/a> auf unglaublichen 113 Seiten. Einige besonders interessante Angebote sollen hier hervorgehoben werden:<\/p>\n<p>14.07.2010 19:30 Uhr LG Ellwangen: Ulmer Juristenkabarett<\/p>\n<p>16.07.2010 17 Uhr LG Ellwangen: Versteigerung von Pfandgegenst\u00e4nden<\/p>\n<p>16.07.2010 18 Uhr LG Baden Baden: Vortrag \u00fcber Ausgew\u00e4hlte F\u00e4lle aus der Geschichte des Landgerichts<\/p>\n<p>12. &#8211; 17.07.2010: JVA Freiburg: Bilderausstellung Kunstobjekte, die von Gefangenen erstellt wurden<\/p>\n<p>Alles weitere zu dieser Veranstaltung sowie viele weitere interessante <a href=\"http:\/\/www.stationsradar.de\/veranstaltungen.php\">Veranstaltungstipps f\u00fcr Referendare<\/a> findest Du beim Stationsradar &#8211; dem Portal f\u00fcr Stationsangebote, Nebenjobs und Veranstaltungen f\u00fcr Referendare!<\/p>\n","protected":false},"excerpt":{"rendered":"<p>Im Land Baden-W\u00fcrttemberg \u00f6ffnen f\u00fcr diese Woche (12.-17.07.2010) Gerichte und Justizvollzugsanstalten die T\u00fcren f\u00fcr Jedermann und bieten ein interessantes und vielf\u00e4ltiges Programm. Es finden Veranstaltungen, kommentierten Verhandlungen, Ausstellungen und Vortr\u00e4gen \u00fcber aktuelle justiz- und rechtspolitische Themen statt. Nat\u00fcrlich richtet sich das Ganze vor allem an &#8222;juristisch nicht vorbelastete Mitmenschen&#8220; aber auch f\u00fcr angehende Referendare und [&hellip;]<\/p>\n","protected":false},"author":3,"featured_media":0,"comment_status":"open","ping_status":"open","sticky":false,"template":"","format":"standard","meta":{"footnotes":""},"categories":[1,262,948],"tags":[627],"class_list":["post-2439","post","type-post","status-publish","format-standard","hentry","category-allgemein","category-baden-wuerttemberg","category-stationsangebote-veranstaltungen","tag-woche-der-justiz"],"_links":{"self":[{"href":"https:\/\/www.juristenkoffer.de\/refblog\/wp-json\/wp\/v2\/posts\/2439","targetHints":{"allow":["GET"]}}],"collection":[{"href":"https:\/\/www.juristenkoffer.de\/refblog\/wp-json\/wp\/v2\/posts"}],"about":[{"href":"https:\/\/www.juristenkoffer.de\/refblog\/wp-json\/wp\/v2\/types\/post"}],"author":[{"embeddable":true,"href":"https:\/\/www.juristenkoffer.de\/refblog\/wp-json\/wp\/v2\/users\/3"}],"replies":[{"embeddable":true,"href":"https:\/\/www.juristenkoffer.de\/refblog\/wp-json\/wp\/v2\/comments?post=2439"}],"version-history":[{"count":8,"href":"https:\/\/www.juristenkoffer.de\/refblog\/wp-json\/wp\/v2\/posts\/2439\/revisions"}],"predecessor-version":[{"id":10560,"href":"https:\/\/www.juristenkoffer.de\/refblog\/wp-json\/wp\/v2\/posts\/2439\/revisions\/10560"}],"wp:attachment":[{"href":"https:\/\/www.juristenkoffer.de\/refblog\/wp-json\/wp\/v2\/media?parent=2439"}],"wp:term":[{"taxonomy":"category","embeddable":true,"href":"https:\/\/www.juristenkoffer.de\/refblog\/wp-json\/wp\/v2\/categories?post=2439"},{"taxonomy":"post_tag","embeddable":true,"href":"https:\/\/www.juristenkoffer.de\/refblog\/wp-json\/wp\/v2\/tags?post=2439"}],"curies":[{"name":"wp","href":"https:\/\/api.w.org\/{rel}","templated":true}]}}