{"id":2377,"date":"2010-07-07T08:20:47","date_gmt":"2010-07-07T07:20:47","guid":{"rendered":"http:\/\/www.juristenkoffer.de\/refblog\/?p=2377"},"modified":"2012-01-20T16:26:00","modified_gmt":"2012-01-20T15:26:00","slug":"referendariat-in-owl-8-traumberuf-richter","status":"publish","type":"post","link":"https:\/\/www.juristenkoffer.de\/refblog\/nrw\/referendariat-in-owl-8-traumberuf-richter\/","title":{"rendered":"Referendariat in OWL (8) &#8211; Traumberuf: Richter?!"},"content":{"rendered":"<p>\u00dcberraschend &#8211; und damit f\u00fcr Referendare nicht ganz unpassend &#8211; hat die Justiz <strong>in den n\u00e4chsten 5 Jahren<\/strong> scheinbar einen hohen <strong>Bedarf an engagierten Richtern auf Probe.<\/strong> Noch vor 5 Jahren, also zu Beginn des Studiums, war noch \u00fcberall zu h\u00f6ren, dass ein Job als Richter quasi ein 6-er im Lotto sei. Die Konkurrenz gro\u00df und das Anforderungsprofil ellenlang. Dies scheint sich mittlerweile zu relativieren. Letzten Monat wurde am LG extra eine Pflichtveranstaltung f\u00fcr Referendare arrangiert, in welcher das Berufsbild des Richters und die Voraussetzungen f\u00fcr eine Bewerbung bzw. der Ablauf des Accessment-Centers vorgestellt wurden. <!--more-->2010\u00a0 sollen von <span style=\"text-decoration: underline;\">1.800 Richtern im Bezirk des OLG HAMM allein \u00fcber 100 Stellen neu besetzt werden<\/span> (!!). Auch in den n\u00e4chsten 5 Jahren wird noch flei\u00dfig eingestellt:\u00a0 ca. 60 Richterplanstellen pro Jahr (so meine Erinnerung).<\/p>\n<p>Die Chancen stehen also wirklich gut f\u00fcr alle, die mit dem Traumberuf Richter\/in ins Referendariat gestartet sind.\u00a0 Der Ausbildungsleiter am LG meinte sogar, dass die Personalnot mittlerweile sogar zu Stellenauschreibungen in FAZ o.\u00e4. gef\u00fchrt habe. Das habe es schon Ewigkeiten nicht mehr gegeben.<\/p>\n<p>Nachdem Proberichter aber ihren Arbeitsalltag beschrieben (und der LG-Pr\u00e4sident weg war), zeigte sich f\u00fcr die Referendare ein <strong>ambivalentes (Berufs-)Bild<\/strong>. Einerseits wurde die flexibile Arbeitsgestaltung als positiv beschrieben. Andererseits sei die Arbeitsbelastung, insb. bei Einarbeiten in ein neues Dezernat hoch, die Bezahlung in den Anfangsjahren nicht gerade berauschend. Auch h\u00f6rte man durch, dass ein Proberichter lieber in M\u00fcnster geblieben w\u00e4re, als ins &#8222;wilde OWL&#8220; abgeordnet zu werden. Es ist also nicht alles Gold was gl\u00e4nzt. Jedenfalls in meinem Ref-Durchgang hat die Vorstellung des Richterberufs wenig bewirkt. Die einen strebten ohnehin das Richteramt an; die anderen hielten wegen der aufgezeigten Nachteile lieber an einem Job in der freien Wirtschaft fest.<\/p>\n","protected":false},"excerpt":{"rendered":"<p>\u00dcberraschend &#8211; und damit f\u00fcr Referendare nicht ganz unpassend &#8211; hat die Justiz in den n\u00e4chsten 5 Jahren scheinbar einen hohen Bedarf an engagierten Richtern auf Probe. Noch vor 5 Jahren, also zu Beginn des Studiums, war noch \u00fcberall zu h\u00f6ren, dass ein Job als Richter quasi ein 6-er im Lotto sei. Die Konkurrenz gro\u00df [&hellip;]<\/p>\n","protected":false},"author":26,"featured_media":0,"comment_status":"open","ping_status":"open","sticky":false,"template":"","format":"standard","meta":{"footnotes":""},"categories":[49,41],"tags":[19,246,34],"class_list":["post-2377","post","type-post","status-publish","format-standard","hentry","category-nach-dem-referendariat","category-nrw","tag-bewerbung","tag-einstellung","tag-olg-hamm"],"_links":{"self":[{"href":"https:\/\/www.juristenkoffer.de\/refblog\/wp-json\/wp\/v2\/posts\/2377","targetHints":{"allow":["GET"]}}],"collection":[{"href":"https:\/\/www.juristenkoffer.de\/refblog\/wp-json\/wp\/v2\/posts"}],"about":[{"href":"https:\/\/www.juristenkoffer.de\/refblog\/wp-json\/wp\/v2\/types\/post"}],"author":[{"embeddable":true,"href":"https:\/\/www.juristenkoffer.de\/refblog\/wp-json\/wp\/v2\/users\/26"}],"replies":[{"embeddable":true,"href":"https:\/\/www.juristenkoffer.de\/refblog\/wp-json\/wp\/v2\/comments?post=2377"}],"version-history":[{"count":7,"href":"https:\/\/www.juristenkoffer.de\/refblog\/wp-json\/wp\/v2\/posts\/2377\/revisions"}],"predecessor-version":[{"id":2379,"href":"https:\/\/www.juristenkoffer.de\/refblog\/wp-json\/wp\/v2\/posts\/2377\/revisions\/2379"}],"wp:attachment":[{"href":"https:\/\/www.juristenkoffer.de\/refblog\/wp-json\/wp\/v2\/media?parent=2377"}],"wp:term":[{"taxonomy":"category","embeddable":true,"href":"https:\/\/www.juristenkoffer.de\/refblog\/wp-json\/wp\/v2\/categories?post=2377"},{"taxonomy":"post_tag","embeddable":true,"href":"https:\/\/www.juristenkoffer.de\/refblog\/wp-json\/wp\/v2\/tags?post=2377"}],"curies":[{"name":"wp","href":"https:\/\/api.w.org\/{rel}","templated":true}]}}