{"id":2338,"date":"2010-06-14T11:00:27","date_gmt":"2010-06-14T09:00:27","guid":{"rendered":"http:\/\/www.juristenkoffer.de\/refblog\/?p=2338"},"modified":"2010-06-13T19:39:43","modified_gmt":"2010-06-13T17:39:43","slug":"ausbildungsreferent-harald-reiter-im-staufenbiel-interview","status":"publish","type":"post","link":"https:\/\/www.juristenkoffer.de\/refblog\/allgemein\/ausbildungsreferent-harald-reiter-im-staufenbiel-interview\/","title":{"rendered":"Ausbildungsreferent Harald Reiter im Staufenbiel-Interview"},"content":{"rendered":"<p>Harald Reiter, Richter am OLG M\u00fcnchen, ist seit April 2009 als Ausbildungsreferent f\u00fcr die Referendarausbildung im OLG Bezirk M\u00fcnchen zust\u00e4ndig. In den Jahren 1998 bis 2005 war er Arbeitsgemeinschaftsleiter f\u00fcr die Referendare in Augsburg und M\u00fcnchen &#8211; also jemand, der sich zwangsl\u00e4ufig sehr gut auskennen muss.<\/p>\n<p>In der aktuellen Ausgabe von Staufenbiel Jura ist ein Interview zu finden, in welchem Herr Reiter sich zu verschiedenen Fragen rund ums Referendariat \u00e4u\u00dfert. Beispielsweise geht es um Fragen rund um die eigenen Gestaltungsm\u00f6glichkeiten im Referendariat und die Wichtigkeit von Wahl- und Anwaltsstationen. Interessant ist insbesondere seine Auffassung von Promotion parallel zum Referendariat: Seiner Erfahrung nach f\u00fchrt eine Promotion w\u00e4hrend des Referendariats zu Abstrichen bei der Examensnote.<\/p>\n<p>Das vollst\u00e4ndige Interview kann <a href=\"http:\/\/www.staufenbiel.de\/branchen\/jura\/einstieg\/tueren-fuer-die-karriere-oeffnen.html\">hier<\/a> nachgelesen werden.<\/p>\n","protected":false},"excerpt":{"rendered":"<p>Harald Reiter, Richter am OLG M\u00fcnchen, ist seit April 2009 als Ausbildungsreferent f\u00fcr die Referendarausbildung im OLG Bezirk M\u00fcnchen zust\u00e4ndig. In den Jahren 1998 bis 2005 war er Arbeitsgemeinschaftsleiter f\u00fcr die Referendare in Augsburg und M\u00fcnchen &#8211; also jemand, der sich zwangsl\u00e4ufig sehr gut auskennen muss.<\/p>\n<p>In der aktuellen Ausgabe von Staufenbiel Jura ist ein Interview zu finden, in welchem Herr Reiter sich zu verschiedenen Fragen rund ums Referendariat \u00e4u\u00dfert. Beispielsweise geht es um&#8230;<\/p>\n","protected":false},"author":3,"featured_media":0,"comment_status":"open","ping_status":"open","sticky":false,"template":"","format":"standard","meta":{"footnotes":""},"categories":[1,239],"tags":[606,608,607],"class_list":["post-2338","post","type-post","status-publish","format-standard","hentry","category-allgemein","category-bayern","tag-harald-reiter","tag-interview","tag-olg-muenchen"],"_links":{"self":[{"href":"https:\/\/www.juristenkoffer.de\/refblog\/wp-json\/wp\/v2\/posts\/2338","targetHints":{"allow":["GET"]}}],"collection":[{"href":"https:\/\/www.juristenkoffer.de\/refblog\/wp-json\/wp\/v2\/posts"}],"about":[{"href":"https:\/\/www.juristenkoffer.de\/refblog\/wp-json\/wp\/v2\/types\/post"}],"author":[{"embeddable":true,"href":"https:\/\/www.juristenkoffer.de\/refblog\/wp-json\/wp\/v2\/users\/3"}],"replies":[{"embeddable":true,"href":"https:\/\/www.juristenkoffer.de\/refblog\/wp-json\/wp\/v2\/comments?post=2338"}],"version-history":[{"count":3,"href":"https:\/\/www.juristenkoffer.de\/refblog\/wp-json\/wp\/v2\/posts\/2338\/revisions"}],"predecessor-version":[{"id":2347,"href":"https:\/\/www.juristenkoffer.de\/refblog\/wp-json\/wp\/v2\/posts\/2338\/revisions\/2347"}],"wp:attachment":[{"href":"https:\/\/www.juristenkoffer.de\/refblog\/wp-json\/wp\/v2\/media?parent=2338"}],"wp:term":[{"taxonomy":"category","embeddable":true,"href":"https:\/\/www.juristenkoffer.de\/refblog\/wp-json\/wp\/v2\/categories?post=2338"},{"taxonomy":"post_tag","embeddable":true,"href":"https:\/\/www.juristenkoffer.de\/refblog\/wp-json\/wp\/v2\/tags?post=2338"}],"curies":[{"name":"wp","href":"https:\/\/api.w.org\/{rel}","templated":true}]}}