{"id":2319,"date":"2010-06-09T11:11:58","date_gmt":"2010-06-09T09:11:58","guid":{"rendered":"http:\/\/www.juristenkoffer.de\/refblog\/?p=2319"},"modified":"2010-06-09T12:23:48","modified_gmt":"2010-06-09T10:23:48","slug":"mundiavocat-2010-die-entscheidung-ist-gefallen","status":"publish","type":"post","link":"https:\/\/www.juristenkoffer.de\/refblog\/allgemein\/mundiavocat-2010-die-entscheidung-ist-gefallen\/","title":{"rendered":"Mundiavocat 2010: Die Entscheidung ist gefallen!"},"content":{"rendered":"<p><a href=\"https:\/\/www.juristenkoffer.de\/refblog\/allgemein\/mundiavocat-fuszballweltmeisterschaft-der-volljuristen\/\" target=\"_blank\">Wie schon vor einigen Monaten berichtet<\/a>, fand vom 28. Mai bis 06. Juni 2010 die Mundiavocat &#8211; Fu\u00dfball Weltmeisterschaft der Anw\u00e4lte\/Volljuristen &#8211; in Antalya statt.<\/p>\n<p><a href=\"https:\/\/www.juristenkoffer.de\/refblog\/wp-content\/uploads\/2010\/06\/header_logo.jpg\"><img loading=\"lazy\" decoding=\"async\" class=\"alignleft size-full wp-image-2321\" title=\"header_logo\" src=\"https:\/\/www.juristenkoffer.de\/refblog\/wp-content\/uploads\/2010\/06\/header_logo.jpg\" alt=\"\" width=\"204\" height=\"177\" \/><\/a><\/p>\n<p>Und in folgenden L\u00e4ndern spielen die Anw\u00e4lte lieber Fu\u00dfball, als sich im Gerichtssaal herumzudr\u00fccken:<\/p>\n<p>Platz 1 im Bereich CLASSIC ging an das Roma Dream Team<\/p>\n<p>Platz 1 im Bereich MASTERS (alle Spieler sind \u00fcber 35 Jahre alt) ging an Costa Rica<\/p>\n<p>Alle Ergebnisse und ausf\u00fchrliche Infos findet Ihr <a href=\"http:\/\/www.mundiavocat.com\/content\/mundiavocat-classic\" target=\"_blank\">hier<\/a>.<\/p>\n<p>Leider hat in diesem Jahr keine deutsche Mannschaft teilgenommen. Im Jahr 2006 hatte die Berliner Mannschaft immerhin Platz 6 geholt. <em><br \/>\n<\/em><\/p>\n","protected":false},"excerpt":{"rendered":"<p><img loading=\"lazy\" decoding=\"async\" class=\"alignleft\" title=\"header_logo\" src=\"https:\/\/www.juristenkoffer.de\/refblog\/wp-content\/uploads\/2010\/06\/header_logo.jpg\" alt=\"\" width=\"163\" height=\"137\" \/><a href=\"..\/allgemein\/mundiavocat-fuszballweltmeisterschaft-der-volljuristen\/\" target=\"_blank\">Wie schon vor einigen Monaten berichtet<\/a>, fand vom 28. Mai bis 06. Juni 2010 die Mundiavocat &#8211; Fu\u00dfball Weltmeisterschaft der Anw\u00e4lte\/Volljuristen &#8211; in Antalya statt.<\/p>\n<p>Und in folgenden L\u00e4ndern spielen die Anw\u00e4lte lieber Fu\u00dfball, als sich im Gerichtssaal herumzudr\u00fccken:<\/p>\n<p>Platz 1 im Bereich CLASSIC ging an das Roma Dream Team&#8230;<\/p>\n","protected":false},"author":3,"featured_media":0,"comment_status":"open","ping_status":"open","sticky":false,"template":"","format":"standard","meta":{"footnotes":""},"categories":[1],"tags":[604,491,605],"class_list":["post-2319","post","type-post","status-publish","format-standard","hentry","category-allgemein","tag-fussball","tag-mundiavocat","tag-weltmeisterschaft"],"_links":{"self":[{"href":"https:\/\/www.juristenkoffer.de\/refblog\/wp-json\/wp\/v2\/posts\/2319","targetHints":{"allow":["GET"]}}],"collection":[{"href":"https:\/\/www.juristenkoffer.de\/refblog\/wp-json\/wp\/v2\/posts"}],"about":[{"href":"https:\/\/www.juristenkoffer.de\/refblog\/wp-json\/wp\/v2\/types\/post"}],"author":[{"embeddable":true,"href":"https:\/\/www.juristenkoffer.de\/refblog\/wp-json\/wp\/v2\/users\/3"}],"replies":[{"embeddable":true,"href":"https:\/\/www.juristenkoffer.de\/refblog\/wp-json\/wp\/v2\/comments?post=2319"}],"version-history":[{"count":10,"href":"https:\/\/www.juristenkoffer.de\/refblog\/wp-json\/wp\/v2\/posts\/2319\/revisions"}],"predecessor-version":[{"id":2327,"href":"https:\/\/www.juristenkoffer.de\/refblog\/wp-json\/wp\/v2\/posts\/2319\/revisions\/2327"}],"wp:attachment":[{"href":"https:\/\/www.juristenkoffer.de\/refblog\/wp-json\/wp\/v2\/media?parent=2319"}],"wp:term":[{"taxonomy":"category","embeddable":true,"href":"https:\/\/www.juristenkoffer.de\/refblog\/wp-json\/wp\/v2\/categories?post=2319"},{"taxonomy":"post_tag","embeddable":true,"href":"https:\/\/www.juristenkoffer.de\/refblog\/wp-json\/wp\/v2\/tags?post=2319"}],"curies":[{"name":"wp","href":"https:\/\/api.w.org\/{rel}","templated":true}]}}