{"id":2287,"date":"2010-06-11T14:43:39","date_gmt":"2010-06-11T12:43:39","guid":{"rendered":"http:\/\/www.juristenkoffer.de\/refblog\/?p=2287"},"modified":"2010-06-12T10:21:02","modified_gmt":"2010-06-12T08:21:02","slug":"schussfester-referendarin-gesucht","status":"publish","type":"post","link":"https:\/\/www.juristenkoffer.de\/refblog\/wahlstation\/schussfester-referendarin-gesucht\/","title":{"rendered":"Schussfeste\/r Referendar\/in gesucht"},"content":{"rendered":"<p>Rechtsanw\u00e4ltin Rueber &#8211; Fachanw\u00e4ltin f\u00fcr Strafrecht aus Koblenz &#8211; sucht via Blog <a href=\"http:\/\/strafverfahren.blogspot.com\/2010\/05\/schussfester-referendarin-gesucht.html\" target=\"_blank\">eine\/n Referendar\/in f\u00fcr die Wahlstation<\/a>. Vielleicht k\u00f6nnen wir bei der Suche behilflich sein. Das (besondere) Anforderungsprofil:<\/p>\n<p style=\"padding-left: 30px;\">&#8222;- keine Schlipstr\u00e4ger\/keine Perlenketten<br \/>\n&#8211; Spa\u00df am Strafrecht<br \/>\n&#8211; keine Angst vor Besuchen in JVA\/Psychiatrie<br \/>\n&#8211; keine Spr\u00fcche wie: &#8222;Muss ich tats\u00e4chlich kommen oder k\u00f6nnen wir uns auf 8 Punkte einigen und ich lasse Sie in Ruhe?&#8220;<br \/>\n&#8211; keine Angst vor Hunden<\/p>\n<p style=\"padding-left: 30px;\">und nicht zuletzt nat\u00fcrlich:<\/p>\n<p style=\"padding-left: 30px;\">&#8211; Schussfestigkeit&#8220;<\/p>\n<p>Wen jetzt noch interessiert, was es mit der &#8222;Schussfestigkeit&#8220; auf sich hat, findet <a href=\"http:\/\/strafverfahren.blogspot.com\/2010\/05\/schussfeste-referendarin.html\" target=\"_blank\">in diesem Artikel<\/a> die Antwort darauf!<\/p>\n","protected":false},"excerpt":{"rendered":"<p>Rechtsanw\u00e4ltin Rueber &#8211; Fachanw\u00e4ltin f\u00fcr Strafrecht aus Koblenz &#8211; sucht via Blog eine\/n Referendar\/in f\u00fcr die Wahlstation. Vielleicht k\u00f6nnen wir bei der Suche behilflich sein. Das (besondere) Anforderungsprofil: &#8222;- keine Schlipstr\u00e4ger\/keine Perlenketten &#8211; Spa\u00df am Strafrecht &#8211; keine Angst vor Besuchen in JVA\/Psychiatrie &#8211; keine Spr\u00fcche wie: &#8222;Muss ich tats\u00e4chlich kommen oder k\u00f6nnen wir uns [&hellip;]<\/p>\n","protected":false},"author":2,"featured_media":0,"comment_status":"open","ping_status":"open","sticky":false,"template":"","format":"standard","meta":{"footnotes":""},"categories":[263,7],"tags":[591,85,1233],"class_list":["post-2287","post","type-post","status-publish","format-standard","hentry","category-rheinland-pfalz","category-wahlstation","tag-koblenz","tag-strafrecht","tag-wahlstation"],"_links":{"self":[{"href":"https:\/\/www.juristenkoffer.de\/refblog\/wp-json\/wp\/v2\/posts\/2287","targetHints":{"allow":["GET"]}}],"collection":[{"href":"https:\/\/www.juristenkoffer.de\/refblog\/wp-json\/wp\/v2\/posts"}],"about":[{"href":"https:\/\/www.juristenkoffer.de\/refblog\/wp-json\/wp\/v2\/types\/post"}],"author":[{"embeddable":true,"href":"https:\/\/www.juristenkoffer.de\/refblog\/wp-json\/wp\/v2\/users\/2"}],"replies":[{"embeddable":true,"href":"https:\/\/www.juristenkoffer.de\/refblog\/wp-json\/wp\/v2\/comments?post=2287"}],"version-history":[{"count":5,"href":"https:\/\/www.juristenkoffer.de\/refblog\/wp-json\/wp\/v2\/posts\/2287\/revisions"}],"predecessor-version":[{"id":2345,"href":"https:\/\/www.juristenkoffer.de\/refblog\/wp-json\/wp\/v2\/posts\/2287\/revisions\/2345"}],"wp:attachment":[{"href":"https:\/\/www.juristenkoffer.de\/refblog\/wp-json\/wp\/v2\/media?parent=2287"}],"wp:term":[{"taxonomy":"category","embeddable":true,"href":"https:\/\/www.juristenkoffer.de\/refblog\/wp-json\/wp\/v2\/categories?post=2287"},{"taxonomy":"post_tag","embeddable":true,"href":"https:\/\/www.juristenkoffer.de\/refblog\/wp-json\/wp\/v2\/tags?post=2287"}],"curies":[{"name":"wp","href":"https:\/\/api.w.org\/{rel}","templated":true}]}}