{"id":2284,"date":"2010-08-04T08:34:55","date_gmt":"2010-08-04T06:34:55","guid":{"rendered":"http:\/\/www.juristenkoffer.de\/refblog\/?p=2284"},"modified":"2010-10-23T13:28:40","modified_gmt":"2010-10-23T11:28:40","slug":"baden-wuerttemberg-kommentare-werden-zugelassen","status":"publish","type":"post","link":"https:\/\/www.juristenkoffer.de\/refblog\/examen\/baden-wuerttemberg-kommentare-werden-zugelassen\/","title":{"rendered":"Baden-W\u00fcrttemberg: Kommentare werden zugelassen"},"content":{"rendered":"<p>F\u00fcr die allermeisten Referendare ist das nichts Neues: In den Probeklausuren und im Examen darf man die g\u00e4ngigsten Kommentare verwenden. Damit soll das Assessorexamen praxisgerechter ausgestaltet sein, als es das erste Examen ist. Und das Verwenden der Kommentare ist meiner Meinung nach eine sehr gro\u00dfe Hilfe. So muss man &#8222;nur&#8220; noch die Probleme der Klausur erkennen; die konkreten Argumente insbesondere der Rechtsprechung lassen sich nachschlagen.<\/p>\n<p>Das einzige Bundesland, in dem die letzten Jahre keine Kommentare zugelassen waren, ist Baden-W\u00fcrttemberg. Aber das soll sich ab dem Jahr 2012 \u00e4ndern, wie sich einer <a href=\"http:\/\/www.jum.baden-wuerttemberg.de\/servlet\/PB\/menu\/1153274\/index.html?ROOT=1153239\" target=\"_blank\">Info des Justizministeriums<\/a> entnehmen l\u00e4sst. <!--more--><\/p>\n<blockquote>\n<p style=\"text-align: justify;\">Zur Herbeif\u00fchrung einer st\u00e4rkeren Praxisn\u00e4he sowie zur Angleichung der Examensbedingungen an die der anderen Bundesl\u00e4nder werden ab der Herbstkampagne 2012 der Zweiten juristischen Staatspr\u00fcfung Kommentare in der schriftlichen Pr\u00fcfung zugelassen. Einzelheiten hierzu (zugelassene Kommentare, Regelungen zum Stand und Inhalt der Kommentare sowie die \u00dcbergangsregelungen) k\u00f6nnen der\u00a0\u00c4nderungsVwV zur HilfsmittelVwV (vgl. rechte Spalte) entnommen werden, die zum 1. Oktober 2010 in Kraft tritt.<\/p>\n<\/blockquote>\n<p style=\"text-align: justify;\">Wir werden dann rechtzeitig <a href=\"https:\/\/www.juristenkoffer.de\/angebot.htm\">unser Angebot<\/a> auch auf die Referendare in Baden-W\u00fcrttemberg ausweiten!<\/p>\n","protected":false},"excerpt":{"rendered":"<p>F\u00fcr die allermeisten Referendare ist das nichts Neues: In den Probeklausuren und im Examen darf man die g\u00e4ngigsten Kommentare verwenden. Damit soll das Assessorexamen praxisgerechter ausgestaltet sein, als es das erste Examen ist. Und das Verwenden der Kommentare ist meiner Meinung nach eine sehr gro\u00dfe Hilfe. So muss man &#8222;nur&#8220; noch die Probleme der Klausur [&hellip;]<\/p>\n","protected":false},"author":2,"featured_media":0,"comment_status":"open","ping_status":"open","sticky":false,"template":"","format":"standard","meta":{"footnotes":""},"categories":[262,51],"tags":[590,589],"class_list":["post-2284","post","type-post","status-publish","format-standard","hentry","category-baden-wuerttemberg","category-examen","tag-hilfsmittel-2-examen","tag-kommentare"],"_links":{"self":[{"href":"https:\/\/www.juristenkoffer.de\/refblog\/wp-json\/wp\/v2\/posts\/2284","targetHints":{"allow":["GET"]}}],"collection":[{"href":"https:\/\/www.juristenkoffer.de\/refblog\/wp-json\/wp\/v2\/posts"}],"about":[{"href":"https:\/\/www.juristenkoffer.de\/refblog\/wp-json\/wp\/v2\/types\/post"}],"author":[{"embeddable":true,"href":"https:\/\/www.juristenkoffer.de\/refblog\/wp-json\/wp\/v2\/users\/2"}],"replies":[{"embeddable":true,"href":"https:\/\/www.juristenkoffer.de\/refblog\/wp-json\/wp\/v2\/comments?post=2284"}],"version-history":[{"count":4,"href":"https:\/\/www.juristenkoffer.de\/refblog\/wp-json\/wp\/v2\/posts\/2284\/revisions"}],"predecessor-version":[{"id":2286,"href":"https:\/\/www.juristenkoffer.de\/refblog\/wp-json\/wp\/v2\/posts\/2284\/revisions\/2286"}],"wp:attachment":[{"href":"https:\/\/www.juristenkoffer.de\/refblog\/wp-json\/wp\/v2\/media?parent=2284"}],"wp:term":[{"taxonomy":"category","embeddable":true,"href":"https:\/\/www.juristenkoffer.de\/refblog\/wp-json\/wp\/v2\/categories?post=2284"},{"taxonomy":"post_tag","embeddable":true,"href":"https:\/\/www.juristenkoffer.de\/refblog\/wp-json\/wp\/v2\/tags?post=2284"}],"curies":[{"name":"wp","href":"https:\/\/api.w.org\/{rel}","templated":true}]}}