{"id":2280,"date":"2010-06-04T08:27:59","date_gmt":"2010-06-04T06:27:59","guid":{"rendered":"http:\/\/www.juristenkoffer.de\/refblog\/?p=2280"},"modified":"2010-06-02T15:03:20","modified_gmt":"2010-06-02T13:03:20","slug":"erfolgreiche-personalratsarbeit","status":"publish","type":"post","link":"https:\/\/www.juristenkoffer.de\/refblog\/verwaltungsstation\/erfolgreiche-personalratsarbeit\/","title":{"rendered":"Erfolgreiche Personalratsarbeit!"},"content":{"rendered":"<p>In der Verwaltungsstation steht den Referendaren in vielen Bundesl\u00e4ndern ein ganzer bzw. zumindest ein halber &#8222;Studientag&#8220; pro Woche zu.\u00a0Die Ausbildungsstellen sollen damit auf die Referendare R\u00fccksicht nehmen und nicht f\u00fcr die ganze Woche einplanen. Denn\u00a0man muss ja auch eine Menge Theorie pauken\u00a0und &#8211; optimalerweise &#8211; die AG nachbereiten.<\/p>\n<p>Das Problem: So richtig einheitlich wird das oftmals nicht gehandhabt! Viele Beh\u00f6rden und Ausbilder gew\u00e4hren diesen Studientag zumindest nicht von sich aus. Als Referendar m\u00f6chte man aber sicherlich nicht gleich in der ersten Woche mit einem solchen Anliegen anecken &#8211; man ist ja auch was Arbeitsaufwand und abschlie\u00dfendes Zeugnis angeht vom Ausbilder abh\u00e4ngig.<\/p>\n<p>In diesem Punkt haben die Personalratsvertreter in Hamburg einen Erfolg erzielt: Dort erh\u00e4lt nun jeder Referendar ab dem 01.07.2010 einen <strong>Anspruch<\/strong> auf einen Studientag. Und um eine einheitliche Durchsetzung des Studientages zu gew\u00e4hrleisten, ist eine dementsprechende Weisung bereits an alle ausbildenen Hamburger Beh\u00f6rden ergangen.<\/p>\n<p>Dieses Beispiel zeigt, dass die Referendarvertreter der L\u00e4nder eine wichtige Arbeit leisten und sich erfolgreich f\u00fcr die Interessen der Rechtsreferendare einsetzen!<\/p>\n","protected":false},"excerpt":{"rendered":"<p>In der Verwaltungsstation steht den Referendaren in vielen Bundesl\u00e4ndern ein ganzer bzw. zumindest ein halber &#8222;Studientag&#8220; pro Woche zu.\u00a0Die Ausbildungsstellen sollen damit auf die Referendare R\u00fccksicht nehmen und nicht f\u00fcr die ganze Woche einplanen. Denn\u00a0man muss ja auch eine Menge Theorie pauken\u00a0und &#8211; optimalerweise &#8211; die AG nachbereiten.<\/p>\n<p>Das Problem: So richtig einheitlich wird das oftmals nicht gehandhabt! Viele Beh\u00f6rden und Ausbilder gew\u00e4hren diesen Studientag zumindest nicht von sich aus. Als Referendar m\u00f6chte man aber sicherlich nicht &#8230;<\/p>\n","protected":false},"author":2,"featured_media":0,"comment_status":"open","ping_status":"open","sticky":false,"template":"","format":"standard","meta":{"footnotes":""},"categories":[16,5],"tags":[588,587,1235,586],"class_list":["post-2280","post","type-post","status-publish","format-standard","hentry","category-hamburg","category-verwaltungsstation","tag-anspruch-auf-studientag","tag-durchsetzung","tag-hamburg","tag-studientag"],"_links":{"self":[{"href":"https:\/\/www.juristenkoffer.de\/refblog\/wp-json\/wp\/v2\/posts\/2280","targetHints":{"allow":["GET"]}}],"collection":[{"href":"https:\/\/www.juristenkoffer.de\/refblog\/wp-json\/wp\/v2\/posts"}],"about":[{"href":"https:\/\/www.juristenkoffer.de\/refblog\/wp-json\/wp\/v2\/types\/post"}],"author":[{"embeddable":true,"href":"https:\/\/www.juristenkoffer.de\/refblog\/wp-json\/wp\/v2\/users\/2"}],"replies":[{"embeddable":true,"href":"https:\/\/www.juristenkoffer.de\/refblog\/wp-json\/wp\/v2\/comments?post=2280"}],"version-history":[{"count":2,"href":"https:\/\/www.juristenkoffer.de\/refblog\/wp-json\/wp\/v2\/posts\/2280\/revisions"}],"predecessor-version":[{"id":2302,"href":"https:\/\/www.juristenkoffer.de\/refblog\/wp-json\/wp\/v2\/posts\/2280\/revisions\/2302"}],"wp:attachment":[{"href":"https:\/\/www.juristenkoffer.de\/refblog\/wp-json\/wp\/v2\/media?parent=2280"}],"wp:term":[{"taxonomy":"category","embeddable":true,"href":"https:\/\/www.juristenkoffer.de\/refblog\/wp-json\/wp\/v2\/categories?post=2280"},{"taxonomy":"post_tag","embeddable":true,"href":"https:\/\/www.juristenkoffer.de\/refblog\/wp-json\/wp\/v2\/tags?post=2280"}],"curies":[{"name":"wp","href":"https:\/\/api.w.org\/{rel}","templated":true}]}}