{"id":2255,"date":"2010-05-24T08:08:09","date_gmt":"2010-05-24T06:08:09","guid":{"rendered":"http:\/\/www.juristenkoffer.de\/refblog\/?p=2255"},"modified":"2010-05-24T12:32:53","modified_gmt":"2010-05-24T10:32:53","slug":"referendarparty-in-berlin-2","status":"publish","type":"post","link":"https:\/\/www.juristenkoffer.de\/refblog\/allgemein\/referendarparty-in-berlin-2\/","title":{"rendered":"Referendarparty in Berlin"},"content":{"rendered":"<p><!-- .hmmessage P { margin:0px; padding:0px } body.hmmessage { font-size: 10pt; font-family:Verdana } -->Der Personalrat der Referendare am KG Berlin hat sich wieder ein mal f\u00fcr Euch ins Zeug gelegt und veranstaltet am Freitag, 04.06.2010 wieder seine Gro\u00dfe Referendarparty. Es sind alle Referendare aus Berlin und Brandenburg dazu eingeladen.<\/p>\n<p style=\"text-align: center;\"><img loading=\"lazy\" decoding=\"async\" class=\"size-full wp-image-2256      aligncenter\" title=\"Flyer 3\" src=\"https:\/\/www.juristenkoffer.de\/refblog\/wp-content\/uploads\/2010\/05\/Flyer-3.jpg\" alt=\"\" width=\"280\" height=\"394\" srcset=\"https:\/\/www.juristenkoffer.de\/refblog\/wp-content\/uploads\/2010\/05\/Flyer-3.jpg 400w, https:\/\/www.juristenkoffer.de\/refblog\/wp-content\/uploads\/2010\/05\/Flyer-3-213x300.jpg 213w\" sizes=\"auto, (max-width: 280px) 100vw, 280px\" \/><\/p>\n<p>Wie auch beim letzten Mal findet die Party in der Kulturbrauerei (Sch\u00f6nhauser Allee 36) statt. Die Kosten liegen bei g\u00fcnstigen 3 Euro, sofern Ihr die Vorverkaufsm\u00f6glichkeit im Personalratsb\u00fcro (<!-- .hmmessage P { margin:0px; padding:0px } body.hmmessage { font-size: 10pt; font-family:Verdana } -->Salzburger Stra\u00dfe 21-25) nutzt.<\/p>\n","protected":false},"excerpt":{"rendered":"<p style=\"text-align: justify;\">Der Personalrat der Referendare am KG Berlin hat sich wieder ein mal f\u00fcr Euch ins Zeug gelegt und veranstaltet am Freitag, 04.06.2010 wieder seine Gro\u00dfe Referendarparty. Es sind alle Referendare aus Berlin und Brandenburg dazu eingeladen.<\/p>\n<p style=\"text-align: center;\"><img loading=\"lazy\" decoding=\"async\" class=\"aligncenter\" title=\"Flyer 3\" src=\"https:\/\/www.juristenkoffer.de\/refblog\/wp-content\/uploads\/2010\/05\/Flyer-3.jpg\" alt=\"\" width=\"280\" height=\"394\" \/><\/p>\n<p style=\"text-align: justify;\">Wie auch beim letzten Mal findet die Party in der Kulturbrauerei (Sch\u00f6nhauser Allee 36) statt. Die Kosten liegen &#8230;<\/p>\n","protected":false},"author":3,"featured_media":0,"comment_status":"open","ping_status":"open","sticky":false,"template":"","format":"standard","meta":{"footnotes":""},"categories":[1,117],"tags":[1242,333],"class_list":["post-2255","post","type-post","status-publish","format-standard","hentry","category-allgemein","category-berlin","tag-berlin","tag-referendarparty"],"_links":{"self":[{"href":"https:\/\/www.juristenkoffer.de\/refblog\/wp-json\/wp\/v2\/posts\/2255","targetHints":{"allow":["GET"]}}],"collection":[{"href":"https:\/\/www.juristenkoffer.de\/refblog\/wp-json\/wp\/v2\/posts"}],"about":[{"href":"https:\/\/www.juristenkoffer.de\/refblog\/wp-json\/wp\/v2\/types\/post"}],"author":[{"embeddable":true,"href":"https:\/\/www.juristenkoffer.de\/refblog\/wp-json\/wp\/v2\/users\/3"}],"replies":[{"embeddable":true,"href":"https:\/\/www.juristenkoffer.de\/refblog\/wp-json\/wp\/v2\/comments?post=2255"}],"version-history":[{"count":11,"href":"https:\/\/www.juristenkoffer.de\/refblog\/wp-json\/wp\/v2\/posts\/2255\/revisions"}],"predecessor-version":[{"id":2268,"href":"https:\/\/www.juristenkoffer.de\/refblog\/wp-json\/wp\/v2\/posts\/2255\/revisions\/2268"}],"wp:attachment":[{"href":"https:\/\/www.juristenkoffer.de\/refblog\/wp-json\/wp\/v2\/media?parent=2255"}],"wp:term":[{"taxonomy":"category","embeddable":true,"href":"https:\/\/www.juristenkoffer.de\/refblog\/wp-json\/wp\/v2\/categories?post=2255"},{"taxonomy":"post_tag","embeddable":true,"href":"https:\/\/www.juristenkoffer.de\/refblog\/wp-json\/wp\/v2\/tags?post=2255"}],"curies":[{"name":"wp","href":"https:\/\/api.w.org\/{rel}","templated":true}]}}