{"id":2195,"date":"2010-05-12T08:06:11","date_gmt":"2010-05-12T06:06:11","guid":{"rendered":"http:\/\/www.juristenkoffer.de\/refblog\/?p=2195"},"modified":"2010-05-11T21:09:58","modified_gmt":"2010-05-11T19:09:58","slug":"keine-einstellungen-beim-lg-dortmund","status":"publish","type":"post","link":"https:\/\/www.juristenkoffer.de\/refblog\/vor-dem-referendariat\/keine-einstellungen-beim-lg-dortmund\/","title":{"rendered":"Keine Einstellungen beim LG Dortmund"},"content":{"rendered":"<p>Das <a href=\"http:\/\/www.olg-hamm.nrw.de\/aufgaben\/04_verwaltung\/dez5\/02_aktuelle_informationen\/index.php\" target=\"_blank\">Oberlandesgericht Hamm<\/a> gibt auf seiner Internetseite bekannt, dass zum 01. August 2010 beim LG Dortmund &#8222;aus organisatorischen Gr\u00fcnden&#8220; keine Einstellungen erfolgen werden. Was genau diese organisatorische Gr\u00fcnde sind, ist uns nicht bekannt.<\/p>\n<p>F\u00fcr Kurzentschlossene gibt es aber zum 01. Juli 2010 noch Restpl\u00e4tze. Beim Landgericht Hagen sind zu diesem Termin noch Ausbildungspl\u00e4tze zu vergeben&#8230;<\/p>\n","protected":false},"excerpt":{"rendered":"<p>Das Oberlandesgericht Hamm gibt auf seiner Internetseite bekannt, dass zum 01. August 2010 beim LG Dortmund &#8222;aus organisatorischen Gr\u00fcnden&#8220; keine Einstellungen erfolgen werden. Was genau diese organisatorische Gr\u00fcnde sind, ist uns nicht bekannt. F\u00fcr Kurzentschlossene gibt es aber zum 01. Juli 2010 noch Restpl\u00e4tze. Beim Landgericht Hagen sind zu diesem Termin noch Ausbildungspl\u00e4tze zu vergeben&#8230;<\/p>\n","protected":false},"author":2,"featured_media":0,"comment_status":"open","ping_status":"open","sticky":false,"template":"","format":"standard","meta":{"footnotes":""},"categories":[41,6],"tags":[506,569,18],"class_list":["post-2195","post","type-post","status-publish","format-standard","hentry","category-nrw","category-vor-dem-referendariat","tag-lg-dortmund","tag-lg-hagen","tag-restplatze"],"_links":{"self":[{"href":"https:\/\/www.juristenkoffer.de\/refblog\/wp-json\/wp\/v2\/posts\/2195","targetHints":{"allow":["GET"]}}],"collection":[{"href":"https:\/\/www.juristenkoffer.de\/refblog\/wp-json\/wp\/v2\/posts"}],"about":[{"href":"https:\/\/www.juristenkoffer.de\/refblog\/wp-json\/wp\/v2\/types\/post"}],"author":[{"embeddable":true,"href":"https:\/\/www.juristenkoffer.de\/refblog\/wp-json\/wp\/v2\/users\/2"}],"replies":[{"embeddable":true,"href":"https:\/\/www.juristenkoffer.de\/refblog\/wp-json\/wp\/v2\/comments?post=2195"}],"version-history":[{"count":2,"href":"https:\/\/www.juristenkoffer.de\/refblog\/wp-json\/wp\/v2\/posts\/2195\/revisions"}],"predecessor-version":[{"id":2212,"href":"https:\/\/www.juristenkoffer.de\/refblog\/wp-json\/wp\/v2\/posts\/2195\/revisions\/2212"}],"wp:attachment":[{"href":"https:\/\/www.juristenkoffer.de\/refblog\/wp-json\/wp\/v2\/media?parent=2195"}],"wp:term":[{"taxonomy":"category","embeddable":true,"href":"https:\/\/www.juristenkoffer.de\/refblog\/wp-json\/wp\/v2\/categories?post=2195"},{"taxonomy":"post_tag","embeddable":true,"href":"https:\/\/www.juristenkoffer.de\/refblog\/wp-json\/wp\/v2\/tags?post=2195"}],"curies":[{"name":"wp","href":"https:\/\/api.w.org\/{rel}","templated":true}]}}