{"id":2154,"date":"2010-04-28T08:34:07","date_gmt":"2010-04-28T07:34:07","guid":{"rendered":"http:\/\/www.juristenkoffer.de\/refblog\/?p=2154"},"modified":"2012-01-20T16:26:39","modified_gmt":"2012-01-20T15:26:39","slug":"referendariat-in-owl-4-aktenvortrag-in-der-ag","status":"publish","type":"post","link":"https:\/\/www.juristenkoffer.de\/refblog\/zivilrechtsstation\/referendariat-in-owl-4-aktenvortrag-in-der-ag\/","title":{"rendered":"Referendariat in OWL (4) &#8211; Aktenvortrag in der AG"},"content":{"rendered":"<p>Der Vortrag stellt im m\u00fcndlichen Assessorexamen die &#8222;Visitenkarte&#8220; des Rechtsreferendars dar. Neben dem Ausbildungsrichter und der privaten AG spielt der Vortrag deshalb <strong>auch in der w\u00f6chentlichen Zivilrechts-AG<\/strong> eine bedeutsame Rolle (er wird benotet und flie\u00dft damit in die &#8222;B-Note&#8220; der dienstlichen Beurteilung ein):<\/p>\n<p>Jeder AG-Teilnehmer muss mindestens einen Vortrag halten; auf Wunsch k\u00f6nnen auch weitere Vortr\u00e4ge gehalten werden, sofern der AG-Stoff insgesamt besprochen werden kann. An einem AG-Termin sind <strong>immer 2 Kollegen<\/strong> an der Reihe. Sie kommen 30 Minuten vor Beginn der AG und bereiten dasselbe Aktenst\u00fcck in der Bibliothek des Landgerichts innerhalb von einer Stunde vor. Dabei handelt es sich um <strong>Originalexamensvortr\u00e4ge<\/strong>. In der Zwischenzeit hat sich der restliche Kurs das Aktenst\u00fcck durchgelesen und es wurden erste L\u00f6sungsvorschl\u00e4ge im Kurs diskutiert. Nach beiden Vortr\u00e4gen wird dann im Plenum herausgestellt, was am jeweiligen Vortrag gut oder verbesserungsbed\u00fcrftig gewesen ist. Schlie\u00dflich wird die L\u00f6sungsskizze des Pr\u00fcfers ausgeteilt (!!).<\/p>\n<p>Sicher geht durch das Halten der Vortr\u00e4ge die H\u00e4lfte der w\u00f6chentlichen Zeit verloren, in der einem der AG-Leiter auch schlicht Wissen h\u00e4tte eintrichtern k\u00f6nnen . Der Gewinn des Haltens von Vortr\u00e4gen zeigt sich aber daran, dass man die praktische Bedeutung des Gelernten aufgezeigt (bzw. wiederholt) bekommt und auch fr\u00fchzeitig mit dem Stress des Aktenvortrags vertraut wird. Letztlich f\u00fchrt das regelm\u00e4\u00dfige Halten von Vortr\u00e4gen auch dazu, dass sich \u00fcber die Zeit ein Fundus an Examensvortr\u00e4gen ansammelt. Durch das Austeilen der L\u00f6sungsskizze werden auch die Erwartungen abgesteckt, die an den Kandidaten gestellt werden. Au\u00dferdem wird man <strong>Anf\u00e4ngerfehler<\/strong> vor der versammelten AG (bei mir z.B. das Verkn\u00fcpfen von Zweckm\u00e4\u00dfigkeit und rechtlicher W\u00fcrdigung beim Vortrag aus Anwaltssicht) hoffentlich im Ernstfall des Examens <strong>nicht mehr begehen<\/strong>.<\/p>\n","protected":false},"excerpt":{"rendered":"<p>Der Vortrag stellt im m\u00fcndlichen Assessorexamen die &#8222;Visitenkarte&#8220; des Rechtsreferendars dar. Neben dem Ausbildungsrichter und der privaten AG spielt der Vortrag deshalb <strong>auch in der w\u00f6chentlichen Zivilrechts-AG<\/strong> eine bedeutsame Rolle (er wird benotet und flie\u00dft damit in die &#8222;B-Note&#8220; der dienstlichen Beurteilung ein):<\/p>\n<p>Jeder AG-Teilnehmer muss mindestens einen Vortrag halten; auf Wunsch k\u00f6nnen auch weitere Vortr\u00e4ge gehalten werden, sofern der AG-Stoff insgesamt besprochen werden kann. An einem AG-Termin sind <strong>immer 2 Kollegen<\/strong> an der Reihe. Sie kommen 30 Minuten vor Beginn der AG und &#8230;<\/p>\n","protected":false},"author":26,"featured_media":0,"comment_status":"open","ping_status":"open","sticky":false,"template":"","format":"standard","meta":{"footnotes":""},"categories":[41,8],"tags":[34,1234],"class_list":["post-2154","post","type-post","status-publish","format-standard","hentry","category-nrw","category-zivilrechtsstation","tag-olg-hamm","tag-zivilrechtsstation"],"_links":{"self":[{"href":"https:\/\/www.juristenkoffer.de\/refblog\/wp-json\/wp\/v2\/posts\/2154","targetHints":{"allow":["GET"]}}],"collection":[{"href":"https:\/\/www.juristenkoffer.de\/refblog\/wp-json\/wp\/v2\/posts"}],"about":[{"href":"https:\/\/www.juristenkoffer.de\/refblog\/wp-json\/wp\/v2\/types\/post"}],"author":[{"embeddable":true,"href":"https:\/\/www.juristenkoffer.de\/refblog\/wp-json\/wp\/v2\/users\/26"}],"replies":[{"embeddable":true,"href":"https:\/\/www.juristenkoffer.de\/refblog\/wp-json\/wp\/v2\/comments?post=2154"}],"version-history":[{"count":9,"href":"https:\/\/www.juristenkoffer.de\/refblog\/wp-json\/wp\/v2\/posts\/2154\/revisions"}],"predecessor-version":[{"id":4891,"href":"https:\/\/www.juristenkoffer.de\/refblog\/wp-json\/wp\/v2\/posts\/2154\/revisions\/4891"}],"wp:attachment":[{"href":"https:\/\/www.juristenkoffer.de\/refblog\/wp-json\/wp\/v2\/media?parent=2154"}],"wp:term":[{"taxonomy":"category","embeddable":true,"href":"https:\/\/www.juristenkoffer.de\/refblog\/wp-json\/wp\/v2\/categories?post=2154"},{"taxonomy":"post_tag","embeddable":true,"href":"https:\/\/www.juristenkoffer.de\/refblog\/wp-json\/wp\/v2\/tags?post=2154"}],"curies":[{"name":"wp","href":"https:\/\/api.w.org\/{rel}","templated":true}]}}