{"id":2096,"date":"2010-05-06T12:54:49","date_gmt":"2010-05-06T10:54:49","guid":{"rendered":"http:\/\/www.juristenkoffer.de\/refblog\/?p=2096"},"modified":"2010-05-05T15:42:03","modified_gmt":"2010-05-05T13:42:03","slug":"faz-hochschulanzeiger-juristen-im-portraet","status":"publish","type":"post","link":"https:\/\/www.juristenkoffer.de\/refblog\/nach-dem-referendariat\/faz-hochschulanzeiger-juristen-im-portraet\/","title":{"rendered":"FAZ-Hochschulanzeiger: &#8222;Juristen im Portr\u00e4t&#8220;"},"content":{"rendered":"<p>F\u00fcr diejenigen, die noch unschl\u00fcssig sind, was denn nach Abschluss des Referendariats kommen und wohin beruflich die Reise hingehen soll, ist m\u00f6glicherweise der im FAZ-Hochschulanzeiger erschienen Beitrag &#8222;<a href=\"http:\/\/www.faz.net\/s\/RubC369C1C69080485483CF270374650FDE\/Doc~E842484B16F214E09BEA79792A90BDE93~ATpl~Ecommon~Scontent.html\" target=\"_blank\">Juristen im Portr\u00e4t<\/a>&#8220; interessant. Vorgestellt werden in diesem Artikel die T\u00e4tigkeit dreier Juristen, die unterschiedliche berufliche Wege eingeschlagen haben.<\/p>\n<p>Pauline Gro\u00df beispielsweise ist Unternehmensjuristin bei Hochtief und ber\u00e4t\u00a0die Niederlassungen der Projektentwicklungsgesellschaft des Unternehmens &#8222;in allen Phasen eines Immobilienprojekts &#8211; vom Grundst\u00fccksankauf \u00fcber die Vermarktung bis hin zum Investorenkaufvertrag&#8220;. Dr. Dirk Pehl berichtet von seiner T\u00e4tigkeit als Insolvenzverwalter in der Kanzlei Schultze &amp; Braun. Und Gabriele Janlewing schlie\u00dflich ist Partnerin in einer Kanzlei und Fachanw\u00e4ltin f\u00fcr Familien- und Insolvenzrecht.<\/p>\n<p>Ein sicherlich lesenswerter Artikel. Als Volljurist hat man tats\u00e4chlich viele M\u00f6glichkeiten, was man anschlie\u00dfend beruflich macht. Und sich letztlich zu entscheiden, ob man Unternehmensjurist, Rechtsanwalt oder Insolvenzverwalter wird, ist wirklich eine weitreichende und schwierige Entscheidung!<\/p>\n<p>Wer sp\u00e4ter im\u00a0Bereich der Insolvenzverwaltung arbeiten m\u00f6chte, sollte sich\u00a0auch den Artikel &#8222;<a href=\"http:\/\/www.faz.net\/s\/RubC369C1C69080485483CF270374650FDE\/Doc~ED488D925EFCE4266A8F1D02EA9A5E713~ATpl~Ecommon~Sspezial.html\" target=\"_blank\">Insolvenzen schaffen Jobs<\/a>&#8220; aus dem FAZ-Hochschulanzeiger durchlesen&#8230;<\/p>\n","protected":false},"excerpt":{"rendered":"<p>F\u00fcr diejenigen, die noch unschl\u00fcssig sind, was denn nach Abschluss des Referendariats kommen und wohin beruflich die Reise hingehen soll, ist m\u00f6glicherweise der im FAZ-Hochschulanzeiger erschienen Beitrag &#8222;<a href=\"http:\/\/www.faz.net\/s\/RubC369C1C69080485483CF270374650FDE\/Doc~E842484B16F214E09BEA79792A90BDE93~ATpl~Ecommon~Scontent.html\" target=\"_blank\">Juristen im Portr\u00e4t<\/a>&#8220; interessant. Vorgestellt werden in diesem Artikel die T\u00e4tigkeit dreier Juristen, die unterschiedliche berufliche Wege eingeschlagen haben.<\/p>\n<p>Pauline Gro\u00df beispielsweise ist Unternehmensjuristin bei Hochtief und ber\u00e4t\u00a0die Niederlassungen der Projektentwicklungsgesellschaft des Unternehmens &#8222;in allen Phasen eines Immobilienprojekts &#8211; vom Grundst\u00fccksankauf \u00fcber die Vermarktung bis hin zum Investorenkaufvertrag&#8220;. Dr. Dirk Pehl berichtet von seiner T\u00e4tigkeit als &#8230;<\/p>\n","protected":false},"author":2,"featured_media":0,"comment_status":"open","ping_status":"open","sticky":false,"template":"","format":"standard","meta":{"footnotes":""},"categories":[49],"tags":[549,551,550,311],"class_list":["post-2096","post","type-post","status-publish","format-standard","hentry","category-nach-dem-referendariat","tag-berufseinstieg","tag-insolvenzverwalter","tag-jobwahl","tag-unternehmensjurist"],"_links":{"self":[{"href":"https:\/\/www.juristenkoffer.de\/refblog\/wp-json\/wp\/v2\/posts\/2096","targetHints":{"allow":["GET"]}}],"collection":[{"href":"https:\/\/www.juristenkoffer.de\/refblog\/wp-json\/wp\/v2\/posts"}],"about":[{"href":"https:\/\/www.juristenkoffer.de\/refblog\/wp-json\/wp\/v2\/types\/post"}],"author":[{"embeddable":true,"href":"https:\/\/www.juristenkoffer.de\/refblog\/wp-json\/wp\/v2\/users\/2"}],"replies":[{"embeddable":true,"href":"https:\/\/www.juristenkoffer.de\/refblog\/wp-json\/wp\/v2\/comments?post=2096"}],"version-history":[{"count":4,"href":"https:\/\/www.juristenkoffer.de\/refblog\/wp-json\/wp\/v2\/posts\/2096\/revisions"}],"predecessor-version":[{"id":2098,"href":"https:\/\/www.juristenkoffer.de\/refblog\/wp-json\/wp\/v2\/posts\/2096\/revisions\/2098"}],"wp:attachment":[{"href":"https:\/\/www.juristenkoffer.de\/refblog\/wp-json\/wp\/v2\/media?parent=2096"}],"wp:term":[{"taxonomy":"category","embeddable":true,"href":"https:\/\/www.juristenkoffer.de\/refblog\/wp-json\/wp\/v2\/categories?post=2096"},{"taxonomy":"post_tag","embeddable":true,"href":"https:\/\/www.juristenkoffer.de\/refblog\/wp-json\/wp\/v2\/tags?post=2096"}],"curies":[{"name":"wp","href":"https:\/\/api.w.org\/{rel}","templated":true}]}}