{"id":2032,"date":"2010-03-18T09:53:19","date_gmt":"2010-03-18T08:53:19","guid":{"rendered":"http:\/\/www.juristenkoffer.de\/refblog\/?p=2032"},"modified":"2010-03-20T12:39:03","modified_gmt":"2010-03-20T11:39:03","slug":"forum-start-in-den-anwaltsberuf","status":"publish","type":"post","link":"https:\/\/www.juristenkoffer.de\/refblog\/nach-dem-referendariat\/forum-start-in-den-anwaltsberuf\/","title":{"rendered":"Forum Start in den Anwaltsberuf"},"content":{"rendered":"<p>F\u00fcr all diejenigen, die nach dem Referendariat als Rechtsanwalt durchstarten wollen, hier ein Hinweis auf die Veranstaltung &#8222;Forum Start in den Anwaltsberuf &#8211; das Seminar f\u00fcr Berufseinsteiger&#8220; am 09.04.\/10.04. in Berlin, zu der ausdr\u00fccklich auch Rechtsreferendare eingeladen sind.<\/p>\n<p>Das Forum Start in den Anwaltsberuf ist eine zweit\u00e4gige Informationstagung, die vom gemeinn\u00fctzigen Verein Deutsche Anwaltakademie e.V. in Zusammenarbeit mit dem FORUM Junge Anwaltschaft des Deutschen Anwaltvereins veranstaltet wird. Auf der Tagung erh\u00e4lt praktische Hilfen nicht nur, wer sich selbst\u00e4ndig machen will, sondern auch, wer als Angestellter seinen Berufseinstieg angeht.<\/p>\n<p><strong>Teilnehmergeb\u00fchr\u00a0in H\u00f6he von 55 Euro<\/strong><\/p>\n<p>F\u00fcr einen Unkostenbeitrag von 55,00 EUR wird dem Teilnehmer in Vortr\u00e4gen, Erfahrungsbereichten und Workshops alles n\u00e4her gebracht, was f\u00fcr den Berufseinstieg wesentlich ist: Kanzleimanagement, Berufsrecht, Haftung, Marketing, Gr\u00fcndungsstrategien und vieles mehr.<\/p>\n<p>Die Veranstaltung erstreckt sich \u00fcber zwei Tage. Sie findet am 9. und 10. April 2010\u00a0im Maritim Hotel Berlin (Stauffenbergstr. 26, 10785 Berlin) statt.<\/p>\n<p><strong>Tagungsinhalte<\/strong><\/p>\n<p>Auch die Programmpunkte der Tagung k\u00f6nnen sich sehen lassen: So gibt es beispielsweise Vortr\u00e4ge mit den Titeln &#8222;Marketing \/ Gr\u00fcndungsstrategien im umk\u00e4mpften Anwaltsmarkt&#8220;, &#8222;Honorar und Haftung&#8220; und &#8222;Anwaltliches Berufsrecht \/ Zusammenarbeitsformen&#8220;. Dar\u00fcber hinaus werden am Freitag abend verschiedene Workshops veranstaltet. Schlie\u00dflich ist das Forum sicherlich eine gute M\u00f6glichkeit, w\u00e4hrend der Tagung oder beim gemeinsamen Abendessen zuk\u00fcnftige Kollegen zu treffen und Kontakte zu kn\u00fcpfen.<\/p>\n<p><strong>Anmeldung \/ weitere Infos<\/strong><\/p>\n<p>Die\u00a0Anmeldung nimmt die Deutsche Anwaltakademie, Herr Ritter, Littenstr. 11, 10179 Berlin, Tel. 0 30 \/ 72 61 53-181, Telefax: 0 30 \/ 72 61 53 \u2013 188,\u00a0entgegen. Zudem ist auch eine Online-Anmeldung m\u00f6glich unter <a title=\"http:\/\/www.davforum.de\/berufseinsteigerforum\" href=\"http:\/\/www.davforum.de\/berufseinsteigerforum\" target=\"_blank\">http:\/\/www.davforum.de\/berufseinsteigerforum<\/a>.<\/p>\n<p>Weitere Infos gibt es auf der Seite <a href=\"http:\/\/www.davforum.de\/908\/\" target=\"_blank\">http:\/\/www.davforum.de<\/a>. Dort findet man auch eine ausf\u00fchrliche Zusammenstellung des <a href=\"http:\/\/www.davforum.de\/existenzgruenderforum0\/\" target=\"_blank\">Programms der Tagung<\/a>.<\/p>\n","protected":false},"excerpt":{"rendered":"<p>F\u00fcr all diejenigen, die nach dem Referendariat als Rechtsanwalt durchstarten wollen, hier ein Hinweis auf die Veranstaltung &#8222;Forum Start in den Anwaltsberuf &#8211; das Seminar f\u00fcr Berufseinsteiger&#8220; am 09.04.\/10.04. in Berlin, zu der ausdr\u00fccklich auch Rechtsreferendare eingeladen sind.<\/p>\n<p>Das Forum Start in den Anwaltsberuf ist eine zweit\u00e4gige Informationstagung, die vom gemeinn\u00fctzigen Verein Deutsche Anwaltakademie e.V. in Zusammenarbeit mit dem FORUM Junge Anwaltschaft des Deutschen Anwaltvereins veranstaltet wird. Auf der Tagung erh\u00e4lt praktische Hilfen nicht nur, wer sich selbst\u00e4ndig machen will, sondern auch, wer als &#8230;<\/p>\n","protected":false},"author":2,"featured_media":0,"comment_status":"open","ping_status":"open","sticky":false,"template":"","format":"standard","meta":{"footnotes":""},"categories":[49],"tags":[531,532,533],"class_list":["post-2032","post","type-post","status-publish","format-standard","hentry","category-nach-dem-referendariat","tag-dav","tag-forum-start-in-den-anwaltsberuf","tag-tagung-berufseinstieg"],"_links":{"self":[{"href":"https:\/\/www.juristenkoffer.de\/refblog\/wp-json\/wp\/v2\/posts\/2032","targetHints":{"allow":["GET"]}}],"collection":[{"href":"https:\/\/www.juristenkoffer.de\/refblog\/wp-json\/wp\/v2\/posts"}],"about":[{"href":"https:\/\/www.juristenkoffer.de\/refblog\/wp-json\/wp\/v2\/types\/post"}],"author":[{"embeddable":true,"href":"https:\/\/www.juristenkoffer.de\/refblog\/wp-json\/wp\/v2\/users\/2"}],"replies":[{"embeddable":true,"href":"https:\/\/www.juristenkoffer.de\/refblog\/wp-json\/wp\/v2\/comments?post=2032"}],"version-history":[{"count":5,"href":"https:\/\/www.juristenkoffer.de\/refblog\/wp-json\/wp\/v2\/posts\/2032\/revisions"}],"predecessor-version":[{"id":2034,"href":"https:\/\/www.juristenkoffer.de\/refblog\/wp-json\/wp\/v2\/posts\/2032\/revisions\/2034"}],"wp:attachment":[{"href":"https:\/\/www.juristenkoffer.de\/refblog\/wp-json\/wp\/v2\/media?parent=2032"}],"wp:term":[{"taxonomy":"category","embeddable":true,"href":"https:\/\/www.juristenkoffer.de\/refblog\/wp-json\/wp\/v2\/categories?post=2032"},{"taxonomy":"post_tag","embeddable":true,"href":"https:\/\/www.juristenkoffer.de\/refblog\/wp-json\/wp\/v2\/tags?post=2032"}],"curies":[{"name":"wp","href":"https:\/\/api.w.org\/{rel}","templated":true}]}}