{"id":1919,"date":"2010-02-20T13:22:42","date_gmt":"2010-02-20T12:22:42","guid":{"rendered":"http:\/\/www.juristenkoffer.de\/refblog\/?p=1919"},"modified":"2010-02-20T18:33:30","modified_gmt":"2010-02-20T17:33:30","slug":"berlin-referendarparty-des-personalrats","status":"publish","type":"post","link":"https:\/\/www.juristenkoffer.de\/refblog\/allgemein\/berlin-referendarparty-des-personalrats\/","title":{"rendered":"Berlin: Referendarparty des Personalrats"},"content":{"rendered":"<p style=\"text-align: justify;\">Die feierfreudigen Berliner lassen es wieder krachen &#8211; die n\u00e4chste Referendarparty steht vor der T\u00fcr!<\/p>\n<p style=\"text-align: center;\"><img loading=\"lazy\" decoding=\"async\" class=\"size-medium wp-image-1921      aligncenter\" title=\"RefFlyer 5-B\" src=\"https:\/\/www.juristenkoffer.de\/refblog\/wp-content\/uploads\/2010\/02\/RefFlyer-5-B1-212x300.jpg\" alt=\"RefFlyer 5-B\" width=\"211\" height=\"300\" \/><\/p>\n<p style=\"text-align: center;\">\n<p style=\"text-align: justify;\">Der <a href=\"http:\/\/www.rechtsreferendariat-berlin.de\/\" target=\"_blank\">Personalrat der Referendare am KG Berlin <\/a>veranstaltet diese am Freitag, den 26.02.2010 ab 21 Uhr. Alle\u00a0\u00a0 ReferendarInnen aus Berlin und Brandenburg sind dazu ganz herzlich eingeladen. Freundinnen und Freunde, die gerne und ausgiebig feiern, d\u00fcrfen auch mitgebracht werden.<\/p>\n<p style=\"text-align: justify;\">Location: NBI Club, Kulturbrauerei, Sch\u00f6nhauser Allee 36, gut erreichbar mit der U2, Haltestelle Eberswalder Stra\u00dfe. Die Karten k\u00f6nnen vorab im Personalratsb\u00fcro in der Salzburger Str. 21-25 f\u00fcr 3 \u20ac erworben werden oder f\u00fcr die kurz Entschlossenen an der Abendkasse f\u00fcr 5 \u20ac.<\/p>\n","protected":false},"excerpt":{"rendered":"<p style=\"text-align: justify;\">Die feierfreudigen Berliner lassen es wieder krachen &#8211; die n\u00e4chste Referendarparty steht vor der T\u00fcr!<\/p>\n<p style=\"text-align: center;\"><img loading=\"lazy\" decoding=\"async\" class=\"aligncenter\" title=\"RefFlyer 5-B\" src=\"https:\/\/www.juristenkoffer.de\/refblog\/wp-content\/uploads\/2010\/02\/RefFlyer-5-B1-212x300.jpg\" alt=\"RefFlyer 5-B\" width=\"211\" height=\"300\" \/><\/p>\n<p style=\"text-align: center;\">\n<p style=\"text-align: justify;\">Der <a href=\"http:\/\/www.rechtsreferendariat-berlin.de\/\" target=\"_blank\">Personalrat der Referendare am KG Berlin <\/a>veranstaltet diese am Freitag, den 26.02.2010 ab 21 Uhr. Alle\u00a0\u00a0 ReferendarInnen aus Berlin und Brandenburg sind dazu ganz herzlich eingeladen. Freundinnen und Freunde, die gerne und ausgiebig feiern, d\u00fcrfen auch mitgebracht werden&#8230;<\/p>\n","protected":false},"author":3,"featured_media":0,"comment_status":"open","ping_status":"open","sticky":false,"template":"","format":"standard","meta":{"footnotes":""},"categories":[1,117],"tags":[1242,157,333],"class_list":["post-1919","post","type-post","status-publish","format-standard","hentry","category-allgemein","category-berlin","tag-berlin","tag-personalrat","tag-referendarparty"],"_links":{"self":[{"href":"https:\/\/www.juristenkoffer.de\/refblog\/wp-json\/wp\/v2\/posts\/1919","targetHints":{"allow":["GET"]}}],"collection":[{"href":"https:\/\/www.juristenkoffer.de\/refblog\/wp-json\/wp\/v2\/posts"}],"about":[{"href":"https:\/\/www.juristenkoffer.de\/refblog\/wp-json\/wp\/v2\/types\/post"}],"author":[{"embeddable":true,"href":"https:\/\/www.juristenkoffer.de\/refblog\/wp-json\/wp\/v2\/users\/3"}],"replies":[{"embeddable":true,"href":"https:\/\/www.juristenkoffer.de\/refblog\/wp-json\/wp\/v2\/comments?post=1919"}],"version-history":[{"count":12,"href":"https:\/\/www.juristenkoffer.de\/refblog\/wp-json\/wp\/v2\/posts\/1919\/revisions"}],"predecessor-version":[{"id":1932,"href":"https:\/\/www.juristenkoffer.de\/refblog\/wp-json\/wp\/v2\/posts\/1919\/revisions\/1932"}],"wp:attachment":[{"href":"https:\/\/www.juristenkoffer.de\/refblog\/wp-json\/wp\/v2\/media?parent=1919"}],"wp:term":[{"taxonomy":"category","embeddable":true,"href":"https:\/\/www.juristenkoffer.de\/refblog\/wp-json\/wp\/v2\/categories?post=1919"},{"taxonomy":"post_tag","embeddable":true,"href":"https:\/\/www.juristenkoffer.de\/refblog\/wp-json\/wp\/v2\/tags?post=1919"}],"curies":[{"name":"wp","href":"https:\/\/api.w.org\/{rel}","templated":true}]}}