{"id":1916,"date":"2010-02-26T10:47:32","date_gmt":"2010-02-26T09:47:32","guid":{"rendered":"http:\/\/www.juristenkoffer.de\/refblog\/?p=1916"},"modified":"2010-02-26T10:45:24","modified_gmt":"2010-02-26T09:45:24","slug":"27-05-2010-jurstart-karrieremesse-in-muenster","status":"publish","type":"post","link":"https:\/\/www.juristenkoffer.de\/refblog\/allgemein\/27-05-2010-jurstart-karrieremesse-in-muenster\/","title":{"rendered":"27.05.2010: JurStart &#8211; Karrieremesse in M\u00fcnster"},"content":{"rendered":"<p>Auch in diesem Jahr findet wieder die Karrieremesse <a href=\"http:\/\/www.jurstart.de\/node\/19\" target=\"_blank\">JurStart<\/a> in an der Universit\u00e4t M\u00fcnster statt &#8211; wie immer am ersten Donnerstag nach Pfingsten (27.05.2010). Ein Besuch lohnt sich, da wir es hier mit der gr\u00f6\u00dften deutschen Job-,\u00a0 Informations- und Bewerbungsmesse an einer rechtswissenschaftlichen Fakult\u00e4t zu tun haben.<\/p>\n<p>Im Unterschied zu den vielen kommerziellen Messen ist die JurStart ein kostenloses Angebot des Freundeskreises Rechtswissenschaft e.V. und steht unter der Schirmherrschaft der Justizministerin NRWs, Frau M\u00fcller-Piepenk\u00f6tter. Thematisch richtet sich diese Messe an Juristen aller Ausbildungsstufen, f\u00fcr Referendare interessant sind zum Beispiel individuelle Bewerbungsgespr\u00e4che f\u00fcr Nebent\u00e4tigkeiten w\u00e4hrend des Referendariats oder auch f\u00fcr die Stationen.<\/p>\n<p>Hinweisen m\u00f6chte ich auch auf die Vortragsreihe &#8222;Berufswahl des Juristen&#8220; am 26.05.2010 (genaues Programm findet Ihr <a href=\"http:\/\/www.jurstart.de\/node\/106\" target=\"_blank\">hier<\/a>) und &#8222;Berufsaussichten in der Justiz des Landes&#8220; am 27.05.2010, Vortragender ist Johannes Keders, Pr\u00e4sident des OLG Hamm.<\/p>\n","protected":false},"excerpt":{"rendered":"<p>Auch in diesem Jahr findet wieder die Karrieremesse <a href=\"http:\/\/www.jurstart.de\/node\/19\" target=\"_blank\">JurStart<\/a> in an der Universit\u00e4t M\u00fcnster statt &#8211; wie immer am ersten Donnerstag nach Pfingsten (27.05.2010). Ein Besuch lohnt sich, da wir es hier mit der gr\u00f6\u00dften deutschen Job-,\u00a0 Informations- und Bewerbungsmesse an einer rechtswissenschaftlichen Fakult\u00e4t zu tun haben&#8230;<\/p>\n","protected":false},"author":3,"featured_media":0,"comment_status":"open","ping_status":"open","sticky":false,"template":"","format":"standard","meta":{"footnotes":""},"categories":[1,41],"tags":[509,370],"class_list":["post-1916","post","type-post","status-publish","format-standard","hentry","category-allgemein","category-nrw","tag-jurstart","tag-karrieremesse"],"_links":{"self":[{"href":"https:\/\/www.juristenkoffer.de\/refblog\/wp-json\/wp\/v2\/posts\/1916","targetHints":{"allow":["GET"]}}],"collection":[{"href":"https:\/\/www.juristenkoffer.de\/refblog\/wp-json\/wp\/v2\/posts"}],"about":[{"href":"https:\/\/www.juristenkoffer.de\/refblog\/wp-json\/wp\/v2\/types\/post"}],"author":[{"embeddable":true,"href":"https:\/\/www.juristenkoffer.de\/refblog\/wp-json\/wp\/v2\/users\/3"}],"replies":[{"embeddable":true,"href":"https:\/\/www.juristenkoffer.de\/refblog\/wp-json\/wp\/v2\/comments?post=1916"}],"version-history":[{"count":7,"href":"https:\/\/www.juristenkoffer.de\/refblog\/wp-json\/wp\/v2\/posts\/1916\/revisions"}],"predecessor-version":[{"id":1946,"href":"https:\/\/www.juristenkoffer.de\/refblog\/wp-json\/wp\/v2\/posts\/1916\/revisions\/1946"}],"wp:attachment":[{"href":"https:\/\/www.juristenkoffer.de\/refblog\/wp-json\/wp\/v2\/media?parent=1916"}],"wp:term":[{"taxonomy":"category","embeddable":true,"href":"https:\/\/www.juristenkoffer.de\/refblog\/wp-json\/wp\/v2\/categories?post=1916"},{"taxonomy":"post_tag","embeddable":true,"href":"https:\/\/www.juristenkoffer.de\/refblog\/wp-json\/wp\/v2\/tags?post=1916"}],"curies":[{"name":"wp","href":"https:\/\/api.w.org\/{rel}","templated":true}]}}