{"id":1895,"date":"2010-02-10T18:26:50","date_gmt":"2010-02-10T17:26:50","guid":{"rendered":"http:\/\/www.juristenkoffer.de\/refblog\/?p=1895"},"modified":"2010-02-10T18:26:50","modified_gmt":"2010-02-10T17:26:50","slug":"examenstermin-februar-2010-die-2-strafrechtsklausuren","status":"publish","type":"post","link":"https:\/\/www.juristenkoffer.de\/refblog\/klausuren-examen\/examenstermin-februar-2010-die-2-strafrechtsklausuren\/","title":{"rendered":"Examenstermin Februar 2010: Die 2 Strafrechtsklausuren"},"content":{"rendered":"<p>Im Strafrecht lief in diesem Monat der Klassiker: S1-Klausur war eine Anklage, als S2-Klausur lief eine Revision. Hier die kurzen Hinweise auf die Sachverhalte:<\/p>\n<p><strong>S1-Klausur:<\/strong><\/p>\n<blockquote><p>Materiell ging es in erste Linie um Mord, Versuch; Problem Heimt\u00fccke bein Kleinstkindern etc<br \/>\nProzellrechtlich um Beweisverwertungsverbote beim verdeckten Ermittler<\/p>\n<p>Ich denke, der Klausur lag dieser Fall zugrunde im Wesentlichen:<\/p>\n<p><a href=\"http:\/\/www.hrr-strafrecht.de\/hrr\/4\/08\/4-296-08.php\" target=\"_blank\">http:\/\/www.hrr-strafrecht.de\/hrr\/4\/08\/4-296-08.php<\/a><\/p><\/blockquote>\n<p><strong>S2-Klausur:<\/strong><\/p>\n<blockquote><p>leider ne revisionsklausur.<\/p>\n<p>der mandant ist von der gro\u00dfen strafkammer des lg wegen gef\u00e4hrlicher kv in 2 f\u00e4llen zu 3 jahren und 3 monaten verurteilt worden.<\/p>\n<p>gefragt war nach den erfolgsaussichten der revision gegen das urteil.<\/p>\n<p>probleme waren,dass es 2 verhandlungstermine gab,dabei war ein fristproblem ob es fortsetzung ist oder ne neue hv haette stattfinden m\u00fcssen.<\/p>\n<p>dann einige r\u00fcgen, wie zustaendigkeit der gro\u00dfen strafkammer, ausschluss der \u00f6ffentlichkeit,da das gerichtsgeb\u00e4ude ab 16:00 uhr zu war und die sitzung bis 17 uhr ging.<br \/>\nablehnung eines beweisantrages wegen unerreichbarkeit des zeugen<\/p>\n<p>materiell waren es notwehrproblematik und die qualifizierung der kv, dann noch ein kleines beweisproblem denke ich.<\/p>\n<p>dann wohl noch was mit ner bestehenden bew\u00e4hrung,dazu bin ich aber nicht mehr gekommen.<\/p><\/blockquote>\n<p>[Quelle: <a href=\"http:\/\/www.juraexamen.com\/forum\/viewtopic.php?t=7673&amp;postdays=0&amp;postorder=asc&amp;start=30\" target=\"_blank\">Juraexamen.com<\/a>]<\/p>\n","protected":false},"excerpt":{"rendered":"<p>Im Strafrecht lief in diesem Monat der Klassiker: S1-Klausur war eine Anklage, als S2-Klausur lief eine Revision. Hier die kurzen Hinweise auf die Sachverhalte:<\/p>\n<p><strong>S1-Klausur:<\/strong><\/p>\n<p>&#8222;Materiell ging es in erste Linie um Mord, Versuch; Problem Heimt\u00fccke bein Kleinstkindern etc<br \/>\nProzellrechtlich um Beweisverwertungsverbote beim verdeckten Ermittler<\/p>\n<p>Ich denke, der Klausur lag dieser Fall zugrunde im Wesentlichen: &#8230;<\/p>\n","protected":false},"author":2,"featured_media":0,"comment_status":"open","ping_status":"open","sticky":false,"template":"","format":"standard","meta":{"footnotes":""},"categories":[69],"tags":[505,213],"class_list":["post-1895","post","type-post","status-publish","format-standard","hentry","category-klausuren-examen","tag-examenstermin-februar-2010","tag-klausursachverhalte"],"_links":{"self":[{"href":"https:\/\/www.juristenkoffer.de\/refblog\/wp-json\/wp\/v2\/posts\/1895","targetHints":{"allow":["GET"]}}],"collection":[{"href":"https:\/\/www.juristenkoffer.de\/refblog\/wp-json\/wp\/v2\/posts"}],"about":[{"href":"https:\/\/www.juristenkoffer.de\/refblog\/wp-json\/wp\/v2\/types\/post"}],"author":[{"embeddable":true,"href":"https:\/\/www.juristenkoffer.de\/refblog\/wp-json\/wp\/v2\/users\/2"}],"replies":[{"embeddable":true,"href":"https:\/\/www.juristenkoffer.de\/refblog\/wp-json\/wp\/v2\/comments?post=1895"}],"version-history":[{"count":1,"href":"https:\/\/www.juristenkoffer.de\/refblog\/wp-json\/wp\/v2\/posts\/1895\/revisions"}],"predecessor-version":[{"id":1896,"href":"https:\/\/www.juristenkoffer.de\/refblog\/wp-json\/wp\/v2\/posts\/1895\/revisions\/1896"}],"wp:attachment":[{"href":"https:\/\/www.juristenkoffer.de\/refblog\/wp-json\/wp\/v2\/media?parent=1895"}],"wp:term":[{"taxonomy":"category","embeddable":true,"href":"https:\/\/www.juristenkoffer.de\/refblog\/wp-json\/wp\/v2\/categories?post=1895"},{"taxonomy":"post_tag","embeddable":true,"href":"https:\/\/www.juristenkoffer.de\/refblog\/wp-json\/wp\/v2\/tags?post=1895"}],"curies":[{"name":"wp","href":"https:\/\/api.w.org\/{rel}","templated":true}]}}