{"id":1889,"date":"2010-02-12T09:11:38","date_gmt":"2010-02-12T08:11:38","guid":{"rendered":"http:\/\/www.juristenkoffer.de\/refblog\/?p=1889"},"modified":"2010-02-11T23:49:18","modified_gmt":"2010-02-11T22:49:18","slug":"verwaltungsstation-bei-der-stadt-koeln","status":"publish","type":"post","link":"https:\/\/www.juristenkoffer.de\/refblog\/verwaltungsstation\/verwaltungsstation-bei-der-stadt-koeln\/","title":{"rendered":"Verwaltungsstation bei der Stadt K\u00f6ln"},"content":{"rendered":"<p>Wer noch auf der Suche nach einer interessanten Stelle im Rahmen der Verwaltungs- oder Wahlstation ist, f\u00fcr den ist dies sicherlich etwas: Die Stadt K\u00f6ln sucht laufend Referendare, die ihre 3-monatige Station hier verbringen wollen.<\/p>\n<p>Und bei den immerhin \u00fcber 50 \u00c4mtern, die K\u00f6ln zu bieten hat, findet sicherlich jeder etwas passendes (Museen, Sportst\u00e4tten, Europaangelegenheiten&#8230;). Als besonders hervorhebenswert halte ich auch die Ausrichtung auf pr\u00fcfungsrelevante Bereiche, was ja leider nicht selbstverst\u00e4ndlich ist. Eine pr\u00fcfungsorientierte Einf\u00fchrung in die Grundlagen der Gestaltung von Bescheiden ist ebenfalls Ausbildungsinhalt.<\/p>\n<p>Sogar die M\u00f6glichkeit zum Ein\u00fcben von Aktenvortr\u00e4gen wird gegeben. Die gesamte Anzeige findet Ihr <a href=\"http:\/\/www.stadt-koeln.de\/buergerservice\/themen\/schule-bildung\/juristische-referendarausbildung-verwaltungsstation\/\" target=\"_blank\">hier<\/a>.<\/p>\n<p>Das alles klingt also rundum gelungen. Falls jemand auch praktische Informationen \u00fcber die Ausbildung bei der Stadt K\u00f6ln gesammelt hat und etwas zur Umsetzung der hoch gesteckten Ziele sagen kann: Bitte Kommentar hinterlassen! \ud83d\ude42<\/p>\n","protected":false},"excerpt":{"rendered":"<p>Wer noch auf der Suche nach einer interessanten Stelle im Rahmen der Verwaltungs- oder Wahlstation ist, f\u00fcr den ist dies sicherlich etwas: Die Stadt K\u00f6ln sucht laufend Referendare, die ihre 3-monatige Station hier verbringen wollen.<\/p>\n<p>Und bei den immerhin \u00fcber 50 \u00c4mtern, die K\u00f6ln zu bieten hat, findet sicherlich jeder etwas passendes (Museen, Sportst\u00e4tten, Europaangelegenheiten&#8230;<\/p>\n","protected":false},"author":3,"featured_media":0,"comment_status":"open","ping_status":"open","sticky":false,"template":"","format":"standard","meta":{"footnotes":""},"categories":[41,5],"tags":[503,1232],"class_list":["post-1889","post","type-post","status-publish","format-standard","hentry","category-nrw","category-verwaltungsstation","tag-stadt-koeln","tag-verwaltungsstation"],"_links":{"self":[{"href":"https:\/\/www.juristenkoffer.de\/refblog\/wp-json\/wp\/v2\/posts\/1889","targetHints":{"allow":["GET"]}}],"collection":[{"href":"https:\/\/www.juristenkoffer.de\/refblog\/wp-json\/wp\/v2\/posts"}],"about":[{"href":"https:\/\/www.juristenkoffer.de\/refblog\/wp-json\/wp\/v2\/types\/post"}],"author":[{"embeddable":true,"href":"https:\/\/www.juristenkoffer.de\/refblog\/wp-json\/wp\/v2\/users\/3"}],"replies":[{"embeddable":true,"href":"https:\/\/www.juristenkoffer.de\/refblog\/wp-json\/wp\/v2\/comments?post=1889"}],"version-history":[{"count":4,"href":"https:\/\/www.juristenkoffer.de\/refblog\/wp-json\/wp\/v2\/posts\/1889\/revisions"}],"predecessor-version":[{"id":1892,"href":"https:\/\/www.juristenkoffer.de\/refblog\/wp-json\/wp\/v2\/posts\/1889\/revisions\/1892"}],"wp:attachment":[{"href":"https:\/\/www.juristenkoffer.de\/refblog\/wp-json\/wp\/v2\/media?parent=1889"}],"wp:term":[{"taxonomy":"category","embeddable":true,"href":"https:\/\/www.juristenkoffer.de\/refblog\/wp-json\/wp\/v2\/categories?post=1889"},{"taxonomy":"post_tag","embeddable":true,"href":"https:\/\/www.juristenkoffer.de\/refblog\/wp-json\/wp\/v2\/tags?post=1889"}],"curies":[{"name":"wp","href":"https:\/\/api.w.org\/{rel}","templated":true}]}}