{"id":1885,"date":"2010-02-08T08:40:33","date_gmt":"2010-02-08T07:40:33","guid":{"rendered":"http:\/\/www.juristenkoffer.de\/refblog\/?p=1885"},"modified":"2010-02-06T22:00:02","modified_gmt":"2010-02-06T21:00:02","slug":"weniger-referendarstellen-in-hamburg","status":"publish","type":"post","link":"https:\/\/www.juristenkoffer.de\/refblog\/vor-dem-referendariat\/weniger-referendarstellen-in-hamburg\/","title":{"rendered":"Weniger Referendarstellen in Hamburg"},"content":{"rendered":"<p>Der <a href=\"http:\/\/www.referendarrat-hamburg.de\/start.htm\" target=\"_blank\">Personalrat Hamburg<\/a> hat auf seiner Internetseite auf eine Stellenk\u00fcrzung in Hamburg aufmerksam gemacht. Danach hat die Stadt die zur Verf\u00fcgung stehenden Referendarstellen von 700 auf 600 pro Jahr gek\u00fcrzt.<\/p>\n<p>Im Februar 2010 wurden daher nur 41 statt der sonst \u00fcblichen 51 in den Referendardienst eingestellt; und in den n\u00e4chsten drei Einstellungsterminen erfolgen dann nur noch 21 Einstellungen, um so eine K\u00fcrzung von insgesamt 100 Stellen zu erreichen.<\/p>\n<p>Dies d\u00fcrfte auch Konsequenzen f\u00fcr die Notenanforderung haben, mit der man direkt in Hamburg ins Referendariat einsteigen kann. Bislang reichten zwischen 10 und 11,5 Gesamtpunkte, um \u00fcber die <a href=\"http:\/\/justiz.hamburg.de\/einstellung\/\" target=\"_blank\">Leistungsliste<\/a> einen Referendarplatz zu bekommen.<\/p>\n<blockquote>\n<table style=\"height: 124px;\" dir=\"ltr\" border=\"0\" width=\"326\">\n<tbody>\n<tr>\n<td>Februar 2009<\/td>\n<td>11,36 Punkte<\/td>\n<\/tr>\n<tr>\n<td>April 2009<\/td>\n<td>10,75 Punkte<\/td>\n<\/tr>\n<tr>\n<td>Juni 2009<\/td>\n<td>10,49 Punkte<\/td>\n<\/tr>\n<tr>\n<td>August 2009<\/td>\n<td>10,02 Punkte<\/td>\n<\/tr>\n<tr>\n<td>Oktober 2009<\/td>\n<td>11,24 Punkte<\/td>\n<\/tr>\n<tr>\n<td>Dezember 2009<\/td>\n<td>10,46 Punkte<\/td>\n<\/tr>\n<\/tbody>\n<\/table>\n<\/blockquote>\n<p>Zuk\u00fcnftig d\u00fcrfte diese ohnehin schon hohe Punktzahl noch weiter steigen. Zahlen f\u00fcr den Einstellungstermin Februar 2010 wurden bislang noch nicht ver\u00f6ffentlicht. Sobald diese Zahlen bekannt sind, werden wir Euch hier im RefBlog dar\u00fcber informieren.<\/p>\n","protected":false},"excerpt":{"rendered":"<p>Der <a href=\"http:\/\/www.referendarrat-hamburg.de\/start.htm\" target=\"_blank\">Personalrat Hamburg<\/a> hat auf seiner Internetseite auf eine Stellenk\u00fcrzung in Hamburg aufmerksam gemacht. Danach hat die Stadt die zur Verf\u00fcgung stehenden Referendarstellen von 700 auf 600 pro Jahr gek\u00fcrzt.<\/p>\n<p>Im Februar 2010 wurden daher nur 41 statt der sonst \u00fcblichen 51 in den Referendardienst eingestellt; und in den n\u00e4chsten drei Einstellungsterminen erfolgen dann nur noch 21 Einstellungen, um so &#8230;<\/p>\n","protected":false},"author":2,"featured_media":0,"comment_status":"open","ping_status":"open","sticky":false,"template":"","format":"standard","meta":{"footnotes":""},"categories":[16,6],"tags":[502,501],"class_list":["post-1885","post","type-post","status-publish","format-standard","hentry","category-hamburg","category-vor-dem-referendariat","tag-einstellung-referendare","tag-stellenkuerzung-hamburg"],"_links":{"self":[{"href":"https:\/\/www.juristenkoffer.de\/refblog\/wp-json\/wp\/v2\/posts\/1885","targetHints":{"allow":["GET"]}}],"collection":[{"href":"https:\/\/www.juristenkoffer.de\/refblog\/wp-json\/wp\/v2\/posts"}],"about":[{"href":"https:\/\/www.juristenkoffer.de\/refblog\/wp-json\/wp\/v2\/types\/post"}],"author":[{"embeddable":true,"href":"https:\/\/www.juristenkoffer.de\/refblog\/wp-json\/wp\/v2\/users\/2"}],"replies":[{"embeddable":true,"href":"https:\/\/www.juristenkoffer.de\/refblog\/wp-json\/wp\/v2\/comments?post=1885"}],"version-history":[{"count":3,"href":"https:\/\/www.juristenkoffer.de\/refblog\/wp-json\/wp\/v2\/posts\/1885\/revisions"}],"predecessor-version":[{"id":1887,"href":"https:\/\/www.juristenkoffer.de\/refblog\/wp-json\/wp\/v2\/posts\/1885\/revisions\/1887"}],"wp:attachment":[{"href":"https:\/\/www.juristenkoffer.de\/refblog\/wp-json\/wp\/v2\/media?parent=1885"}],"wp:term":[{"taxonomy":"category","embeddable":true,"href":"https:\/\/www.juristenkoffer.de\/refblog\/wp-json\/wp\/v2\/categories?post=1885"},{"taxonomy":"post_tag","embeddable":true,"href":"https:\/\/www.juristenkoffer.de\/refblog\/wp-json\/wp\/v2\/tags?post=1885"}],"curies":[{"name":"wp","href":"https:\/\/api.w.org\/{rel}","templated":true}]}}