{"id":1842,"date":"2010-01-30T10:08:37","date_gmt":"2010-01-30T09:08:37","guid":{"rendered":"http:\/\/www.juristenkoffer.de\/refblog\/?p=1842"},"modified":"2010-01-29T20:48:10","modified_gmt":"2010-01-29T19:48:10","slug":"mundiavocat-fuszballweltmeisterschaft-der-volljuristen","status":"publish","type":"post","link":"https:\/\/www.juristenkoffer.de\/refblog\/allgemein\/mundiavocat-fuszballweltmeisterschaft-der-volljuristen\/","title":{"rendered":"Mundiavocat &#8211; Fu\u00dfballweltmeisterschaft der Volljuristen"},"content":{"rendered":"<p>Was es nicht alles gibt&#8230;schier unglaubliches aus der Anwaltswelt las ich k\u00fcrzlich in der <a href=\"http:\/\/www.mundiavocat.de\/pdfs-fussballweltmeisterschaft-der-anwaelte\/100104_NJW_Wolff.pdf\" target=\"_blank\">NJW<\/a>:<\/p>\n<p>Es existiert tats\u00e4chlich eine Fu\u00dfballweltmeisterschaft, bei der ausschlie\u00dflich Volljuristen auf dem Spielfeld stehen!!! Und das ist keineswegs neu: Bereits die 15. Fu\u00dfballweltmeisterschaft der Anw\u00e4lte\/Volljuristen findet vom 28. Mai bis 6. Juni 2010 in der T\u00fcrkei (Antalya) statt.<\/p>\n<p>Interessant ist auch das Konzept &#8211; es gibt keine sog. Nationalmannschaft. Die Mannschaften treten im Namen ihrer lokalen oder regionalen Anwaltskammern oder ihrer Anwaltvereine auf. Seit 2010 gilt, dass alle deutschen Volljuristen an der sog. Mundiavocat als Spieler teilnehmen k\u00f6nnen. Die bisherige Einschr\u00e4nkung, dass man auch gegenw\u00e4rtig als Anwalt t\u00e4tig sein muss, ist aufgehoben. Entscheidend ist, dass ein Teilnehmer jederzeit ohne weitere akademische Pr\u00fcfungen als Rechtsanwalt t\u00e4tig werden darf.<\/p>\n<p>Und auch auf die Kondition der Schreibtischgeplagten wird R\u00fccksicht genommen: Alle Spiele dauern 60 min, d.h. 2 Halbzeiten von je 30 min mit einer Pause  von 10 min. Weitere Regeln und n\u00fctzliche Informationen f\u00fcr die eigene Anmeldung findet Ihr <a href=\"http:\/\/www.mundiavocat.de\/regeln.html\" target=\"_blank\">hier<\/a>.<\/p>\n<p>Ich bin jedenfalls gespannt auf die Ergebnisse Anfang Juni und auch darauf, welcher Fernsehsender sich die Exklusivrechte sichern wird. \ud83d\ude09<\/p>\n","protected":false},"excerpt":{"rendered":"<p>Was es nicht alles gibt&#8230;schier unglaubliches aus der Anwaltswelt las ich k\u00fcrzlich in der <a href=\"http:\/\/www.mundiavocat.de\/pdfs-fussballweltmeisterschaft-der-anwaelte\/100104_NJW_Wolff.pdf\" target=\"_blank\">NJW<\/a>:<\/p>\n<p>Es existiert tats\u00e4chlich eine Fu\u00dfballweltmeisterschaft, bei der ausschlie\u00dflich Volljuristen auf dem Spielfeld stehen!!! Und das ist keineswegs neu: Bereits die 15. Fu\u00dfballweltmeisterschaft der Anw\u00e4lte\/Volljuristen findet vom 28. Mai bis 6. Juni 2010 in der T\u00fcrkei (Antalya) statt&#8230;<\/p>\n","protected":false},"author":3,"featured_media":0,"comment_status":"open","ping_status":"open","sticky":false,"template":"","format":"standard","meta":{"footnotes":""},"categories":[1],"tags":[492,491],"class_list":["post-1842","post","type-post","status-publish","format-standard","hentry","category-allgemein","tag-fuszballweltmeisterschaft","tag-mundiavocat"],"_links":{"self":[{"href":"https:\/\/www.juristenkoffer.de\/refblog\/wp-json\/wp\/v2\/posts\/1842","targetHints":{"allow":["GET"]}}],"collection":[{"href":"https:\/\/www.juristenkoffer.de\/refblog\/wp-json\/wp\/v2\/posts"}],"about":[{"href":"https:\/\/www.juristenkoffer.de\/refblog\/wp-json\/wp\/v2\/types\/post"}],"author":[{"embeddable":true,"href":"https:\/\/www.juristenkoffer.de\/refblog\/wp-json\/wp\/v2\/users\/3"}],"replies":[{"embeddable":true,"href":"https:\/\/www.juristenkoffer.de\/refblog\/wp-json\/wp\/v2\/comments?post=1842"}],"version-history":[{"count":3,"href":"https:\/\/www.juristenkoffer.de\/refblog\/wp-json\/wp\/v2\/posts\/1842\/revisions"}],"predecessor-version":[{"id":1851,"href":"https:\/\/www.juristenkoffer.de\/refblog\/wp-json\/wp\/v2\/posts\/1842\/revisions\/1851"}],"wp:attachment":[{"href":"https:\/\/www.juristenkoffer.de\/refblog\/wp-json\/wp\/v2\/media?parent=1842"}],"wp:term":[{"taxonomy":"category","embeddable":true,"href":"https:\/\/www.juristenkoffer.de\/refblog\/wp-json\/wp\/v2\/categories?post=1842"},{"taxonomy":"post_tag","embeddable":true,"href":"https:\/\/www.juristenkoffer.de\/refblog\/wp-json\/wp\/v2\/tags?post=1842"}],"curies":[{"name":"wp","href":"https:\/\/api.w.org\/{rel}","templated":true}]}}