{"id":1808,"date":"2025-03-04T02:03:02","date_gmt":"2025-03-04T02:03:02","guid":{"rendered":"http:\/\/www.juristenkoffer.de\/refblog\/?p=1808"},"modified":"2021-01-08T16:30:08","modified_gmt":"2021-01-08T14:30:08","slug":"wer-war-eigentlich-ferdinand-o-kopp","status":"publish","type":"post","link":"https:\/\/www.juristenkoffer.de\/refblog\/verwaltungsstation\/wer-war-eigentlich-ferdinand-o-kopp\/","title":{"rendered":"Wer war eigentlich&#8230; Ferdinand O. Kopp?"},"content":{"rendered":"<p><img loading=\"lazy\" decoding=\"async\" class=\"alignleft size-full wp-image-6020\" title=\"\" src=\"https:\/\/www.juristenkoffer.de\/refblog\/wp-content\/uploads\/2012\/12\/koppschenke1.png\" alt=\"\" width=\"150\" height=\"164\" \/>Hier ein Artikel, wer eigentlich Ferdinand O. Kopp war.<\/p>\n<p>Es gibt Namen, denen kann man sich als Jurist einfach nicht entziehen. Hierzu geh\u00f6rt nat\u00fcrlich Otto Palandt, \u00fcber ihn k\u00f6nnt Ihr Euch <a href=\"https:\/\/www.juristenkoffer.de\/refblog\/zivilrechtsstation\/das-buch-der-buecher-der-palandt-und-sein-namensgeber\/\" target=\"_blank\">hier<\/a> schlau machen. Aber auch das Verwaltungsrecht hat eine Pers\u00f6nlichkeit zu bieten, die im RefBlog nicht unerw\u00e4hnt bleiben soll: Ferdinand Otto Kopp.<!--more--><\/p>\n<p>Beim lesen seiner Biographie war ich tats\u00e4chlich sehr beeindruckt; nicht nur, dass er mit 23 Jahren Diplomvolkswirt, mit 24 Diplomkaufmann und mit 25 Jurist war, nein, im selben Jahr wurde auch noch promoviert. Mit 28 Jahren war er dann Volljurist.1969, im Alter von 37 Jahren, folgte die Habilitation. In der Folgezeit lehrte er an den Universit\u00e4ten Graz, Insbruck und Passau.<\/p>\n<p>Daneben scheint eine herausragende sprachliche Begabung vorhanden gewesen zu sein, laut <a href=\"http:\/\/de.wikipedia.org\/wiki\/Ferdinand_O._Kopp\" target=\"_blank\">Wikipedia<\/a> lernte er in der Schule Franz\u00f6sisch, Italienisch, Spanisch und Russisch und w\u00e4hrend des Studiums Portugiesisch, Arabisch, T\u00fcrkisch, Japanisch und Chinesisch. Ja, mit diesem Lebenslauf h\u00e4tte man sicher in der heutigen Zeit keinerlei Probleme, einen passenden Arbeitgeber zu finden! \ud83d\ude42<\/p>\n<p>Und hinterlassen hat er der Welt der Referendare die beiden gro\u00dfartigen Kommentierungen zur VwGO und zum VwVfG. Wessen Interesse jetzt geweckt ist, kann sich als neue Abendlekt\u00fcre diese beiden B\u00fccher gleich in unserem <a href=\"https:\/\/www.juristenkoffer.de\/shop.htm\" target=\"_blank\">Shop<\/a> bestellen! \ud83d\ude09\u00a0[RefN]<\/p>\n","protected":false},"excerpt":{"rendered":"<p>Hier ein Artikel, wer eigentlich Ferdinand O. Kopp war. Es gibt Namen, denen kann man sich als Jurist einfach nicht entziehen. Hierzu geh\u00f6rt nat\u00fcrlich Otto Palandt, \u00fcber ihn k\u00f6nnt Ihr Euch hier schlau machen. Aber auch das Verwaltungsrecht hat eine Pers\u00f6nlichkeit zu bieten, die im RefBlog nicht unerw\u00e4hnt bleiben soll: Ferdinand Otto Kopp.<\/p>\n","protected":false},"author":3,"featured_media":0,"comment_status":"open","ping_status":"open","sticky":false,"template":"","format":"standard","meta":{"footnotes":""},"categories":[5],"tags":[481,482,483,484],"class_list":["post-1808","post","type-post","status-publish","format-standard","hentry","category-verwaltungsstation","tag-ferdinand-kopp","tag-kopp","tag-vwgo","tag-vwvfg"],"_links":{"self":[{"href":"https:\/\/www.juristenkoffer.de\/refblog\/wp-json\/wp\/v2\/posts\/1808","targetHints":{"allow":["GET"]}}],"collection":[{"href":"https:\/\/www.juristenkoffer.de\/refblog\/wp-json\/wp\/v2\/posts"}],"about":[{"href":"https:\/\/www.juristenkoffer.de\/refblog\/wp-json\/wp\/v2\/types\/post"}],"author":[{"embeddable":true,"href":"https:\/\/www.juristenkoffer.de\/refblog\/wp-json\/wp\/v2\/users\/3"}],"replies":[{"embeddable":true,"href":"https:\/\/www.juristenkoffer.de\/refblog\/wp-json\/wp\/v2\/comments?post=1808"}],"version-history":[{"count":12,"href":"https:\/\/www.juristenkoffer.de\/refblog\/wp-json\/wp\/v2\/posts\/1808\/revisions"}],"predecessor-version":[{"id":12238,"href":"https:\/\/www.juristenkoffer.de\/refblog\/wp-json\/wp\/v2\/posts\/1808\/revisions\/12238"}],"wp:attachment":[{"href":"https:\/\/www.juristenkoffer.de\/refblog\/wp-json\/wp\/v2\/media?parent=1808"}],"wp:term":[{"taxonomy":"category","embeddable":true,"href":"https:\/\/www.juristenkoffer.de\/refblog\/wp-json\/wp\/v2\/categories?post=1808"},{"taxonomy":"post_tag","embeddable":true,"href":"https:\/\/www.juristenkoffer.de\/refblog\/wp-json\/wp\/v2\/tags?post=1808"}],"curies":[{"name":"wp","href":"https:\/\/api.w.org\/{rel}","templated":true}]}}