{"id":1785,"date":"2026-04-21T02:04:01","date_gmt":"2026-04-21T02:04:01","guid":{"rendered":"http:\/\/www.juristenkoffer.de\/refblog\/?p=1785"},"modified":"2021-01-08T16:39:54","modified_gmt":"2021-01-08T14:39:54","slug":"kleidung-am-1-tag-der-zivilrechtsstation","status":"publish","type":"post","link":"https:\/\/www.juristenkoffer.de\/refblog\/zivilrechtsstation\/kleidung-am-1-tag-der-zivilrechtsstation\/","title":{"rendered":"Kleidung am 1. Tag der Zivilrechtsstation"},"content":{"rendered":"<p><img loading=\"lazy\" decoding=\"async\" class=\"alignleft size-full wp-image-6012\" title=\"\" src=\"https:\/\/www.juristenkoffer.de\/refblog\/wp-content\/uploads\/2012\/12\/MP900409464.jpg\" alt=\"\" width=\"150\" height=\"150\" \/>Am ersten Tag des Referendariats m\u00f6chte man nat\u00fcrlich nicht negativ auffallen. Deshalb taucht im Netz immer wieder die Frage auf, mit welcher Kleidung man erscheinen sollte &#8211; f\u00f6rmlich mit Anzug oder locker mit Jeans und Hemd. In den Schreiben der Gerichte steht oftmals, dass um &#8222;angemessene Kleidung&#8220; gebeten wird. Aber was ist f\u00fcr den Start ins Referendariat beim Landgericht angemessen? Auch ich will dazu mal meine Erfahrungen erz\u00e4hlen.<!--more--><\/p>\n<p>Ich selbst hatte mich f\u00fcr Jeans und Hemd entschieden, womit ich der Mehrzahl der neuen Referendare angeh\u00f6rte. Nur einer meiner Mitreferendare kam\u00a0im Anzug (aber ohne Krawatte), zwei oder drei weitere\u00a0trugen ebenfalls Jeans und Hemd, hatten aber zus\u00e4tzlich ein Sakko an. Die Frauen hatten sich auch durch die Bank f\u00fcr ein &#8222;lockeres&#8220; Outfit entschieden.<\/p>\n<p>In jedem Fall ist die erste Veranstaltung nicht mehr so f\u00f6rmlich, wie m\u00f6glicherweise fr\u00fcher, als man noch als Beamter auf Zeit eingestellt wurde. Der Tag dient mehr dem Kennenlernen der Mitreferendare, der Ausbilder und des Gerichts. Au\u00dferdem wird viel B\u00fcrokratie erledigt. Man unterzeichnet einige Dokumente, wie zum Beispiel Verschwiegenheitserkl\u00e4rungen etc. Je nach Ausbilder gehts anschlie\u00dfend mit dem Unterricht los oder der Tag endet bei einem ersten Kaffee in der Gerichtskantine.<\/p>\n<p>An alle, die bereits den 1. Tag des Referendariats hinter sich haben: Wie sind eure Erfahrungen, was die Kleidung zum Start in den Vorbereitungsdienst angeht? Eher locker und leger oder doch Anzug bzw. Kost\u00fcm?\u00a0[RefN]<\/p>\n","protected":false},"excerpt":{"rendered":"<p>Am ersten Tag des Referendariats m\u00f6chte man nat\u00fcrlich nicht negativ auffallen. Deshalb taucht im Netz immer wieder die Frage auf, mit welcher Kleidung man erscheinen sollte &#8211; f\u00f6rmlich mit Anzug oder locker mit Jeans und Hemd. In den Schreiben der Gerichte steht oftmals, dass um &#8222;angemessene Kleidung&#8220; gebeten wird. Aber was ist f\u00fcr den Start [&hellip;]<\/p>\n","protected":false},"author":4,"featured_media":0,"comment_status":"open","ping_status":"open","sticky":false,"template":"","format":"standard","meta":{"footnotes":""},"categories":[8],"tags":[473,472],"class_list":["post-1785","post","type-post","status-publish","format-standard","hentry","category-zivilrechtsstation","tag-erster-tag","tag-kleidung"],"_links":{"self":[{"href":"https:\/\/www.juristenkoffer.de\/refblog\/wp-json\/wp\/v2\/posts\/1785","targetHints":{"allow":["GET"]}}],"collection":[{"href":"https:\/\/www.juristenkoffer.de\/refblog\/wp-json\/wp\/v2\/posts"}],"about":[{"href":"https:\/\/www.juristenkoffer.de\/refblog\/wp-json\/wp\/v2\/types\/post"}],"author":[{"embeddable":true,"href":"https:\/\/www.juristenkoffer.de\/refblog\/wp-json\/wp\/v2\/users\/4"}],"replies":[{"embeddable":true,"href":"https:\/\/www.juristenkoffer.de\/refblog\/wp-json\/wp\/v2\/comments?post=1785"}],"version-history":[{"count":9,"href":"https:\/\/www.juristenkoffer.de\/refblog\/wp-json\/wp\/v2\/posts\/1785\/revisions"}],"predecessor-version":[{"id":12263,"href":"https:\/\/www.juristenkoffer.de\/refblog\/wp-json\/wp\/v2\/posts\/1785\/revisions\/12263"}],"wp:attachment":[{"href":"https:\/\/www.juristenkoffer.de\/refblog\/wp-json\/wp\/v2\/media?parent=1785"}],"wp:term":[{"taxonomy":"category","embeddable":true,"href":"https:\/\/www.juristenkoffer.de\/refblog\/wp-json\/wp\/v2\/categories?post=1785"},{"taxonomy":"post_tag","embeddable":true,"href":"https:\/\/www.juristenkoffer.de\/refblog\/wp-json\/wp\/v2\/tags?post=1785"}],"curies":[{"name":"wp","href":"https:\/\/api.w.org\/{rel}","templated":true}]}}