{"id":1615,"date":"2009-11-04T08:33:33","date_gmt":"2009-11-04T06:33:33","guid":{"rendered":"http:\/\/www.juristenkoffer.de\/refblog\/?p=1615"},"modified":"2016-03-04T19:45:22","modified_gmt":"2016-03-04T17:45:22","slug":"speyer-semester-info-veranstaltung-fuer-thueringer-referendare","status":"publish","type":"post","link":"https:\/\/www.juristenkoffer.de\/refblog\/verwaltungsstation\/speyer-semester-info-veranstaltung-fuer-thueringer-referendare\/","title":{"rendered":"Speyer-Semester: Info-Veranstaltung f\u00fcr Th\u00fcringer Referendare"},"content":{"rendered":"<p>Wer sich f\u00fcr das Erg\u00e4nzungsstudium an der DHV Speyer interessiert, kann sich zun\u00e4chst einmal \u00fcber die <a href=\"http:\/\/www.hfv-speyer.de\/js-start.htm\" target=\"_blank\">Homepage der DHV<\/a> sowie \u00fcber unsere <a href=\"https:\/\/www.juristenkoffer.de\/rechtsreferendariat\/referendariat-dhv-speyer.htm\" target=\"_self\">Info-Seite zum Speyer-Semester<\/a> informieren. Es geht aber nat\u00fcrlich nichts \u00fcber die Berichte von Referendaren\u00a0aus dem eigenen Bundesland, die selbst ein Semester an der DHV verbracht haben.<\/p>\n<p>In Th\u00fcringen bietet der Referendarsverein eine <a href=\"http:\/\/www.thuerref.de\/index.php?option=com_content&amp;task=view&amp;id=153&amp;Itemid=32\" target=\"_blank\">Info-Veranstaltung<\/a> an, bei der der Referent f\u00fcr die Th\u00fcringer Referendare in Speyer, Herr RiVG Groschek, AG-Leiter in der Verwaltungsstation, sowie Th\u00fcringer Referendare, die die Verwaltungsstation in Speyer verbracht haben, \u00fcber die M\u00f6glichkeiten und Chancen berichten, welche die DHV f\u00fcr die Referendarausbildung bietet:<\/p>\n<blockquote>\n<p align=\"justify\">Informationsveranstaltung zur Ausbildung an der DHV<\/p>\n<p align=\"justify\">Deutsche Hochschule f\u00fcr Verwaltungswissenschaften, Speyer &#8211; Speyer bietet viel mehr als Verwaltungsrecht und Party!<\/p>\n<p>Der Referent f\u00fcr die Th\u00fcringer Referendare in Speyer, Herr RiVG Groschek, AG-Leiter in der Verwaltungsstation, sowie Th\u00fcringer Referendare, die die Verwaltungsstation in Speyer verbracht haben, berichten \u00fcber die <strong>M\u00f6glichkeiten<\/strong> und <strong>Chancen<\/strong>, welche die DHV f\u00fcr die Referendarausbildung bietet.<\/p>\n<p>Das ist DIE Gelegenheit, um sich aus erster Hand \u00fcber die Vorz\u00fcge der Station in Speyer &#8211; auch \u00fcber Examensrelevanz und Kosten &#8211; zu informieren!<\/p>\n<p><strong>Zeit:<\/strong> 18. November 2009 um 15.00 Uhr<br \/>\n<strong>Ort:<\/strong> Th\u00fcringer Landesverwaltungsamt, Weimar, Raum 2404, Haus 2<\/p>\n<p>Die Teilnahme ist kostenlos. Wir bitten um <strong>kurzfristige Anmeldung<\/strong> zur Veranstaltung beim Th\u00fcringer Landesverwaltungsamt,<\/p>\n<p align=\"justify\">Frau Neudel, unter Telefon 03 61 \/ 37 73 72 20.<\/p>\n<\/blockquote>\n<p align=\"justify\">Sicherlich eine\u00a0sehr informative\u00a0Veranstaltung! Ob sowas auch in anderen Bundesl\u00e4ndern zur Information interessierter Referendare angeboten wird, wissen wir allerdings nicht&#8230;<\/p>\n<p>Alles weitere zu dieser Veranstaltung sowie viele weitere interessante <a href=\"http:\/\/www.stationsradar.de\/veranstaltungen.php\">Veranstaltungstipps f\u00fcr Referendare<\/a> findest Du beim Stationsradar &#8211; dem Portal f\u00fcr Stationsangebote, Nebenjobs und Veranstaltungen f\u00fcr Referendare!<\/p>\n","protected":false},"excerpt":{"rendered":"<p>Wer sich f\u00fcr das Erg\u00e4nzungsstudium an der DHV Speyer interessiert, kann sich zun\u00e4chst einmal \u00fcber die <a href=\"http:\/\/www.hfv-speyer.de\/js-start.htm\" target=\"_blank\">Homepage der DHV<\/a> sowie \u00fcber unsere <a href=\"https:\/\/www.juristenkoffer.de\/rechtsreferendariat\/referendariat-dhv-speyer.htm\" target=\"_self\">Info-Seite zum Speyer-Semester<\/a> informieren. Es geht aber nat\u00fcrlich nichts \u00fcber die Berichte von Referendaren\u00a0aus dem eigenen Bundesland, die selbst ein Semester an der DHV verbracht haben.<\/p>\n<p>In Th\u00fcringen bietet der Referendarsverein eine <a href=\"http:\/\/www.thuerref.de\/index.php?option=com_content&amp;task=view&amp;id=153&amp;Itemid=32\" target=\"_blank\">Info-Veranstaltung<\/a> an, bei der der Referent f\u00fcr die Th\u00fcringer Referendare in Speyer, Herr RiVG Groschek, AG-Leiter in der Verwaltungsstation, sowie Th\u00fcringer Referendare, die die Verwaltungsstation in Speyer verbracht haben, \u00fcber die M\u00f6glichkeiten und Chancen &#8230;<\/p>\n","protected":false},"author":2,"featured_media":0,"comment_status":"open","ping_status":"open","sticky":false,"template":"","format":"standard","meta":{"footnotes":""},"categories":[948,266,5],"tags":[431,50,1251],"class_list":["post-1615","post","type-post","status-publish","format-standard","hentry","category-stationsangebote-veranstaltungen","category-thueringen","category-verwaltungsstation","tag-info-veranstaltung","tag-speyer-semester","tag-thueringen"],"_links":{"self":[{"href":"https:\/\/www.juristenkoffer.de\/refblog\/wp-json\/wp\/v2\/posts\/1615","targetHints":{"allow":["GET"]}}],"collection":[{"href":"https:\/\/www.juristenkoffer.de\/refblog\/wp-json\/wp\/v2\/posts"}],"about":[{"href":"https:\/\/www.juristenkoffer.de\/refblog\/wp-json\/wp\/v2\/types\/post"}],"author":[{"embeddable":true,"href":"https:\/\/www.juristenkoffer.de\/refblog\/wp-json\/wp\/v2\/users\/2"}],"replies":[{"embeddable":true,"href":"https:\/\/www.juristenkoffer.de\/refblog\/wp-json\/wp\/v2\/comments?post=1615"}],"version-history":[{"count":6,"href":"https:\/\/www.juristenkoffer.de\/refblog\/wp-json\/wp\/v2\/posts\/1615\/revisions"}],"predecessor-version":[{"id":7973,"href":"https:\/\/www.juristenkoffer.de\/refblog\/wp-json\/wp\/v2\/posts\/1615\/revisions\/7973"}],"wp:attachment":[{"href":"https:\/\/www.juristenkoffer.de\/refblog\/wp-json\/wp\/v2\/media?parent=1615"}],"wp:term":[{"taxonomy":"category","embeddable":true,"href":"https:\/\/www.juristenkoffer.de\/refblog\/wp-json\/wp\/v2\/categories?post=1615"},{"taxonomy":"post_tag","embeddable":true,"href":"https:\/\/www.juristenkoffer.de\/refblog\/wp-json\/wp\/v2\/tags?post=1615"}],"curies":[{"name":"wp","href":"https:\/\/api.w.org\/{rel}","templated":true}]}}